{"id":1226,"date":"2021-05-19T09:05:23","date_gmt":"2021-05-19T07:05:23","guid":{"rendered":"https:\/\/avf.asso.fr\/troyes-champagne-metropole\/?p=1226"},"modified":"2021-05-19T09:05:23","modified_gmt":"2021-05-19T07:05:23","slug":"sorties-insolites","status":"publish","type":"post","link":"https:\/\/avf.asso.fr\/troyes-champagne-metropole\/actualites\/sorties-insolites\/","title":{"rendered":"Sorties insolites."},"content":{"rendered":"<p><strong>Vendredi 04 juin<\/strong>, avec Maximilien, guide nature, dans les rues de Troyes, venez d\u00e9couvrir les plantes utiles pour pr\u00e9parer salades, d\u00e9coctions, pommades, infusons&#8230;<\/p>\n<p><strong>Vendredi 11 juin<\/strong>, Robert nous fera d\u00e9couvrir (ou red\u00e9couvrir) Troyes, avec sa d\u00e9ambulation Tricasse.<\/p>\n<p><strong>Samedi 12 juin<\/strong>, journ\u00e9e festive au ch\u00e2teau de Maulnes.<\/p>\n","protected":false},"excerpt":{"rendered":"<p>Vendredi 04 juin, avec Maximilien, guide nature, dans les rues de Troyes, venez d\u00e9couvrir les plantes utiles pour pr\u00e9parer salades, d\u00e9coctions, pommades, infusons&#8230; Vendredi 11 juin, Robert nous fera d\u00e9couvrir (ou red\u00e9couvrir) Troyes, avec sa d\u00e9ambulation Tricasse. Samedi 12 juin, journ\u00e9e festive au ch\u00e2teau de Maulnes.<\/p>\n","protected":false},"author":38145,"featured_media":0,"comment_status":"closed","ping_status":"open","sticky":false,"template":"","format":"standard","meta":[],"categories":[1,105],"tags":[],"acf":[],"_links":{"self":[{"href":"https:\/\/avf.asso.fr\/troyes-champagne-metropole\/wp-json\/wp\/v2\/posts\/1226"}],"collection":[{"href":"https:\/\/avf.asso.fr\/troyes-champagne-metropole\/wp-json\/wp\/v2\/posts"}],"about":[{"href":"https:\/\/avf.asso.fr\/troyes-champagne-metropole\/wp-json\/wp\/v2\/types\/post"}],"author":[{"embeddable":true,"href":"https:\/\/avf.asso.fr\/troyes-champagne-metropole\/wp-json\/wp\/v2\/users\/38145"}],"replies":[{"embeddable":true,"href":"https:\/\/avf.asso.fr\/troyes-champagne-metropole\/wp-json\/wp\/v2\/comments?post=1226"}],"version-history":[{"count":1,"href":"https:\/\/avf.asso.fr\/troyes-champagne-metropole\/wp-json\/wp\/v2\/posts\/1226\/revisions"}],"predecessor-version":[{"id":1227,"href":"https:\/\/avf.asso.fr\/troyes-champagne-metropole\/wp-json\/wp\/v2\/posts\/1226\/revisions\/1227"}],"wp:attachment":[{"href":"https:\/\/avf.asso.fr\/troyes-champagne-metropole\/wp-json\/wp\/v2\/media?parent=1226"}],"wp:term":[{"taxonomy":"category","embeddable":true,"href":"https:\/\/avf.asso.fr\/troyes-champagne-metropole\/wp-json\/wp\/v2\/categories?post=1226"},{"taxonomy":"post_tag","embeddable":true,"href":"https:\/\/avf.asso.fr\/troyes-champagne-metropole\/wp-json\/wp\/v2\/tags?post=1226"}],"curies":[{"name":"wp","href":"https:\/\/api.w.org\/{rel}","templated":true}]}}