{"id":1224,"date":"2021-05-19T08:54:09","date_gmt":"2021-05-19T06:54:09","guid":{"rendered":"https:\/\/avf.asso.fr\/troyes-champagne-metropole\/?p=1224"},"modified":"2021-05-19T08:54:09","modified_gmt":"2021-05-19T06:54:09","slug":"reprise-en-douceur","status":"publish","type":"post","link":"https:\/\/avf.asso.fr\/troyes-champagne-metropole\/actualites\/reprise-en-douceur\/","title":{"rendered":"Reprise en douceur&#8230;"},"content":{"rendered":"<p>L&rsquo;horizon s&rsquo;\u00e9claircit&#8230;<\/p>\n<p>Du Shopping, un caf\u00e9 en terrasse, un cin\u00e9, un mus\u00e9e et &#8230; notre AVF rouvre ses portes dans le respect des gestes barri\u00e8re.<\/p>\n<p>Un agenda l\u00e9ger mais convivial, des activit\u00e9s ludiques et festives nous permettront de nous retrouver.<\/p>\n<p>A tr\u00e8s bient\u00f4t, Catherine.<\/p>\n<p>&nbsp;<\/p>\n","protected":false},"excerpt":{"rendered":"<p>L&rsquo;horizon s&rsquo;\u00e9claircit&#8230; Du Shopping, un caf\u00e9 en terrasse, un cin\u00e9, un mus\u00e9e et &#8230; notre AVF rouvre ses portes dans le respect des gestes barri\u00e8re. Un agenda l\u00e9ger mais convivial, des activit\u00e9s ludiques et festives nous permettront de nous retrouver. A tr\u00e8s bient\u00f4t, Catherine. &nbsp;<\/p>\n","protected":false},"author":38145,"featured_media":0,"comment_status":"closed","ping_status":"open","sticky":false,"template":"","format":"standard","meta":[],"categories":[108,1],"tags":[],"acf":[],"_links":{"self":[{"href":"https:\/\/avf.asso.fr\/troyes-champagne-metropole\/wp-json\/wp\/v2\/posts\/1224"}],"collection":[{"href":"https:\/\/avf.asso.fr\/troyes-champagne-metropole\/wp-json\/wp\/v2\/posts"}],"about":[{"href":"https:\/\/avf.asso.fr\/troyes-champagne-metropole\/wp-json\/wp\/v2\/types\/post"}],"author":[{"embeddable":true,"href":"https:\/\/avf.asso.fr\/troyes-champagne-metropole\/wp-json\/wp\/v2\/users\/38145"}],"replies":[{"embeddable":true,"href":"https:\/\/avf.asso.fr\/troyes-champagne-metropole\/wp-json\/wp\/v2\/comments?post=1224"}],"version-history":[{"count":1,"href":"https:\/\/avf.asso.fr\/troyes-champagne-metropole\/wp-json\/wp\/v2\/posts\/1224\/revisions"}],"predecessor-version":[{"id":1225,"href":"https:\/\/avf.asso.fr\/troyes-champagne-metropole\/wp-json\/wp\/v2\/posts\/1224\/revisions\/1225"}],"wp:attachment":[{"href":"https:\/\/avf.asso.fr\/troyes-champagne-metropole\/wp-json\/wp\/v2\/media?parent=1224"}],"wp:term":[{"taxonomy":"category","embeddable":true,"href":"https:\/\/avf.asso.fr\/troyes-champagne-metropole\/wp-json\/wp\/v2\/categories?post=1224"},{"taxonomy":"post_tag","embeddable":true,"href":"https:\/\/avf.asso.fr\/troyes-champagne-metropole\/wp-json\/wp\/v2\/tags?post=1224"}],"curies":[{"name":"wp","href":"https:\/\/api.w.org\/{rel}","templated":true}]}}