{"id":1,"count":4,"description":"13 mai 2023 au \"Troyes X +\" caf\u00e9-th\u00e9\u00e2tre : \"En attendant le divorce, marions-nous!!!\"\r\n\r\n13 juin 2023 Assembl\u00e9e G\u00e9n\u00e9rale de notre AVF \u00e0 18h30.\r\n\r\n17 juin 2023 Sortie annuelle, cette ann\u00e9e \"Du c\u00f4t\u00e9 des Renoir\" \u00e0 Essoyes.","link":"https:\/\/avf.asso.fr\/troyes-champagne-metropole\/actualites\/category\/agenda\/","name":"Agenda","slug":"agenda","taxonomy":"category","parent":0,"meta":[],"acf":[],"_links":{"self":[{"href":"https:\/\/avf.asso.fr\/troyes-champagne-metropole\/wp-json\/wp\/v2\/categories\/1"}],"collection":[{"href":"https:\/\/avf.asso.fr\/troyes-champagne-metropole\/wp-json\/wp\/v2\/categories"}],"about":[{"href":"https:\/\/avf.asso.fr\/troyes-champagne-metropole\/wp-json\/wp\/v2\/taxonomies\/category"}],"wp:post_type":[{"href":"https:\/\/avf.asso.fr\/troyes-champagne-metropole\/wp-json\/wp\/v2\/posts?categories=1"}],"curies":[{"name":"wp","href":"https:\/\/api.w.org\/{rel}","templated":true}]}}