{"id":3187,"date":"2024-01-22T19:57:01","date_gmt":"2024-01-22T18:57:01","guid":{"rendered":"https:\/\/avf.asso.fr\/ramonville-saint-agne\/?p=3187"},"modified":"2024-01-22T19:57:01","modified_gmt":"2024-01-22T18:57:01","slug":"lart-au-temps-du-baroque-presente-par-jacques-pierron","status":"publish","type":"post","link":"https:\/\/avf.asso.fr\/ramonville-saint-agne\/actualites\/lart-au-temps-du-baroque-presente-par-jacques-pierron\/","title":{"rendered":"L\u2019Art au temps du Baroque pr\u00e9sent\u00e9 par Jacques Pierron"},"content":{"rendered":"<p>L\u2019Italie est la terre d\u2019origine du Baroque.<\/p>\n<p>Le Baroque s\u2018est d\u00e9velopp\u00e9 en France au d\u00e9but du r\u00e8gne de Louis XIII. Il a pris fin avec le r\u00e8gne de Louis XV et l\u2019\u00e9mergence du style Rococo.<\/p>\n<p>&nbsp;<\/p>\n<p><strong>LES ORIGINES<\/strong><\/p>\n<p><strong>\u00a0<\/strong><\/p>\n<p><strong>La R\u00e9forme protestante<\/strong><\/p>\n<p>La R\u00e9forme protestante a \u00e9loign\u00e9 les fid\u00e8les de l\u2019\u00c9glise catholique qui pratiquait la marchandisation de l\u2019\u00c9glise avec le commerce des indulgences par la critique de ses croyances et des pratiques de ses pr\u00eatres.<\/p>\n<p><strong>La Contre-R\u00e9forme<\/strong><\/p>\n<p>Engag\u00e9e \u00e0 l&rsquo;issue du concile de Trente, la Contre-R\u00e9forme ne permis qu&rsquo;une reconqu\u00eate partielle des populations pass\u00e9es au protestantisme.<\/p>\n<p>L\u2019\u00c9glise catholique avait besoin de rapprocher la religion de ses fid\u00e8les.<\/p>\n<p><strong>LE STYLE BAROQUE<\/strong><\/p>\n<p>Caract\u00e9ris\u00e9 par le go\u00fbt du mouvement, de la dramatisation, de l\u2019exub\u00e9rance d\u00e9corative dans le but but de surprendre et d\u2019\u00e9mouvoir le spectateur, ce style fut encourag\u00e9 par l\u2019\u00c9glise qui souhaitait r\u00e9pondre \u00e0 la R\u00e9forme en touchant le fid\u00e8le en plein c\u0153ur, en sollicitant ses sens, en portant une attention particuli\u00e8re aux \u00e9motions ressenties par celui-ci.<\/p>\n<p><strong>Tr\u00e8s vite ce mouvement de grande ampleur va se d\u00e9velopper dans toute l\u2019Europe et toucher tous les domaines\u00a0de l\u2019expression artistique : architecture, sculpture, th\u00e9\u00e2tre, op\u00e9ra, litt\u00e9rature, danse, musique &#8230;<\/strong><\/p>\n<p><span><br \/>\n<\/span><strong>Nos sinc\u00e8res remerciements \u00e0 Monsieur Jacques Pierron pour son t\u00e9moignage, cette tr\u00e8s belle conf\u00e9rence.<\/strong><\/p>\n","protected":false},"excerpt":{"rendered":"<p>L\u2019Italie est la terre d\u2019origine du Baroque. Le Baroque s\u2018est d\u00e9velopp\u00e9 en France au d\u00e9but du r\u00e8gne de Louis XIII. Il a pris fin avec le r\u00e8gne de Louis XV et l\u2019\u00e9mergence du style Rococo. &nbsp; LES ORIGINES \u00a0 La R\u00e9forme protestante La R\u00e9forme protestante a \u00e9loign\u00e9 les fid\u00e8les de l\u2019\u00c9glise catholique qui pratiquait la [&hellip;]<\/p>\n","protected":false},"author":4167,"featured_media":3189,"comment_status":"closed","ping_status":"open","sticky":false,"template":"","format":"standard","meta":[],"categories":[91],"tags":[],"acf":[],"_links":{"self":[{"href":"https:\/\/avf.asso.fr\/ramonville-saint-agne\/wp-json\/wp\/v2\/posts\/3187"}],"collection":[{"href":"https:\/\/avf.asso.fr\/ramonville-saint-agne\/wp-json\/wp\/v2\/posts"}],"about":[{"href":"https:\/\/avf.asso.fr\/ramonville-saint-agne\/wp-json\/wp\/v2\/types\/post"}],"author":[{"embeddable":true,"href":"https:\/\/avf.asso.fr\/ramonville-saint-agne\/wp-json\/wp\/v2\/users\/4167"}],"replies":[{"embeddable":true,"href":"https:\/\/avf.asso.fr\/ramonville-saint-agne\/wp-json\/wp\/v2\/comments?post=3187"}],"version-history":[{"count":3,"href":"https:\/\/avf.asso.fr\/ramonville-saint-agne\/wp-json\/wp\/v2\/posts\/3187\/revisions"}],"predecessor-version":[{"id":3191,"href":"https:\/\/avf.asso.fr\/ramonville-saint-agne\/wp-json\/wp\/v2\/posts\/3187\/revisions\/3191"}],"wp:featuredmedia":[{"embeddable":true,"href":"https:\/\/avf.asso.fr\/ramonville-saint-agne\/wp-json\/wp\/v2\/media\/3189"}],"wp:attachment":[{"href":"https:\/\/avf.asso.fr\/ramonville-saint-agne\/wp-json\/wp\/v2\/media?parent=3187"}],"wp:term":[{"taxonomy":"category","embeddable":true,"href":"https:\/\/avf.asso.fr\/ramonville-saint-agne\/wp-json\/wp\/v2\/categories?post=3187"},{"taxonomy":"post_tag","embeddable":true,"href":"https:\/\/avf.asso.fr\/ramonville-saint-agne\/wp-json\/wp\/v2\/tags?post=3187"}],"curies":[{"name":"wp","href":"https:\/\/api.w.org\/{rel}","templated":true}]}}