{"id":1064,"date":"2024-12-13T17:05:32","date_gmt":"2024-12-13T16:05:32","guid":{"rendered":"https:\/\/avf.asso.fr\/pontoise\/actualites\/concert-la-voix-des-anges\/"},"modified":"2024-12-13T17:05:32","modified_gmt":"2024-12-13T16:05:32","slug":"concert-la-voix-des-anges","status":"publish","type":"post","link":"https:\/\/avf.asso.fr\/pontoise\/actualites\/concert-la-voix-des-anges\/","title":{"rendered":"Concert \u00ab\u00a0La voix des anges\u00a0\u00bb"},"content":{"rendered":"<h1 style=\"text-align: center;\"><span style=\"color: #0000ff;\"><strong>La voix des anges : Franck Ferrand et Philippe Jaroussky<\/strong><\/span><\/h1>\n<h2 style=\"text-align: center;\"><span style=\"color: #3366ff;\">Jeudi 20 f\u00e9vrier 2025, \u00e0 20h30<\/span><\/h2>\n<p><img decoding=\"async\" loading=\"lazy\" src=\"https:\/\/avf.asso.fr\/pontoise\/wp-content\/uploads\/sites\/221\/2024\/12\/La-voix-des-anges-300x203.jpg\" alt=\"\" width=\"300\" height=\"203\" class=\"alignnone size-medium wp-image-1067\" srcset=\"https:\/\/avf.asso.fr\/pontoise\/wp-content\/uploads\/sites\/221\/2024\/12\/La-voix-des-anges-300x203.jpg 300w, https:\/\/avf.asso.fr\/pontoise\/wp-content\/uploads\/sites\/221\/2024\/12\/La-voix-des-anges.jpg 308w\" sizes=\"(max-width: 300px) 100vw, 300px\" \/><\/p>\n<p><strong>Farinelli, Caffarelli\u2026 L\u2019engouement extraordinaire qu\u2019ont suscit\u00e9 les castrats aux XVIIe et XVIIIe si\u00e8cles demeure l\u2019un des ph\u00e9nom\u00e8nes les plus fascinants de l\u2019Histoire de la musique. Durant cet \u00e2ge d\u2019or, ces chanteurs masculins dot\u00e9s de voix aigu\u00ebs alliant d\u00e9licatesse extr\u00eame, puissance stup\u00e9fiante et virtuosit\u00e9 surhumaine, ont captiv\u00e9 le monde musical.<\/strong><\/p>\n<p><strong>C\u2019est pr\u00e9cis\u00e9ment toute la puret\u00e9 et la beaut\u00e9 de ces voix c\u00e9lestes que le contre-t\u00e9nor Philippe Jaroussky, sp\u00e9cialiste de ce r\u00e9pertoire, ressuscite \u00e0 l\u2019occasion de cette soir\u00e9e musicale en compagnie de musiciens de l\u2019ensemble Artaserse et de Franck Ferrand.<\/strong><\/p>\n<table width=\"100%\">\n<tbody>\n<tr>\n<td><\/td>\n<\/tr>\n<\/tbody>\n<\/table>\n<p><strong>Conteur hors-pair, Franck Ferrand raconte l\u2019Histoire, sur sc\u00e8ne comme sur Radio Classique, avec un enthousiasme communicatif et un talent d\u00e9j\u00e0 bien connu.<\/strong><\/p>\n<p><strong>\u00a0<\/strong><\/p>\n<p><span style=\"color: #ff0000;\"><strong>Salle Gaveau\u00a0\u00a0\u00a0 45-47 rue La Bo\u00e9tie\u00a0\u00a0\u00a0\u00a0\u00a0\u00a0\u00a0\u00a0\u00a0 75008 PARIS<\/strong><\/span><\/p>\n<h2><a href=\"https:\/\/avf.asso.fr\/pontoise\/wp-content\/uploads\/sites\/221\/2024\/12\/La-voix-des-anges.pdf\"><strong>Bulletin d&rsquo;inscription<\/strong><\/a><\/h2>\n","protected":false},"excerpt":{"rendered":"<p>La voix des anges : Franck Ferrand et Philippe Jaroussky Jeudi 20 f\u00e9vrier 2025, \u00e0 20h30 Farinelli, Caffarelli\u2026 L\u2019engouement extraordinaire qu\u2019ont suscit\u00e9 les castrats aux XVIIe et XVIIIe si\u00e8cles demeure l\u2019un des ph\u00e9nom\u00e8nes les plus fascinants de l\u2019Histoire de la musique. Durant cet \u00e2ge d\u2019or, ces chanteurs masculins dot\u00e9s de voix aigu\u00ebs alliant d\u00e9licatesse extr\u00eame, [&hellip;]<\/p>\n","protected":false},"author":209,"featured_media":1051,"comment_status":"open","ping_status":"open","sticky":false,"template":"","format":"standard","meta":[],"categories":[],"tags":[],"acf":[],"_links":{"self":[{"href":"https:\/\/avf.asso.fr\/pontoise\/wp-json\/wp\/v2\/posts\/1064"}],"collection":[{"href":"https:\/\/avf.asso.fr\/pontoise\/wp-json\/wp\/v2\/posts"}],"about":[{"href":"https:\/\/avf.asso.fr\/pontoise\/wp-json\/wp\/v2\/types\/post"}],"author":[{"embeddable":true,"href":"https:\/\/avf.asso.fr\/pontoise\/wp-json\/wp\/v2\/users\/209"}],"replies":[{"embeddable":true,"href":"https:\/\/avf.asso.fr\/pontoise\/wp-json\/wp\/v2\/comments?post=1064"}],"version-history":[{"count":1,"href":"https:\/\/avf.asso.fr\/pontoise\/wp-json\/wp\/v2\/posts\/1064\/revisions"}],"predecessor-version":[{"id":1068,"href":"https:\/\/avf.asso.fr\/pontoise\/wp-json\/wp\/v2\/posts\/1064\/revisions\/1068"}],"wp:featuredmedia":[{"embeddable":true,"href":"https:\/\/avf.asso.fr\/pontoise\/wp-json\/wp\/v2\/media\/1051"}],"wp:attachment":[{"href":"https:\/\/avf.asso.fr\/pontoise\/wp-json\/wp\/v2\/media?parent=1064"}],"wp:term":[{"taxonomy":"category","embeddable":true,"href":"https:\/\/avf.asso.fr\/pontoise\/wp-json\/wp\/v2\/categories?post=1064"},{"taxonomy":"post_tag","embeddable":true,"href":"https:\/\/avf.asso.fr\/pontoise\/wp-json\/wp\/v2\/tags?post=1064"}],"curies":[{"name":"wp","href":"https:\/\/api.w.org\/{rel}","templated":true}]}}