{"id":1101,"date":"2023-09-01T09:16:19","date_gmt":"2023-09-01T07:16:19","guid":{"rendered":"https:\/\/avf.asso.fr\/moulins-et-son-agglomeration\/?p=1101"},"modified":"2023-09-01T09:16:19","modified_gmt":"2023-09-01T07:16:19","slug":"village-des-associations-yzeure","status":"publish","type":"post","link":"https:\/\/avf.asso.fr\/moulins-et-son-agglomeration\/actualites\/village-des-associations-yzeure\/","title":{"rendered":"Village des Associations &#8211; Yzeure"},"content":{"rendered":"<p>L&rsquo;AVF de Moulins et son agglom\u00e9ration vous donne rendez-vous le samedi 2 septembre 2023 \u00e0 Yzeurespace de 10h \u00e0 17h.<br \/>\nVenez nous rencontrer, nous seront ravis d&rsquo;\u00e9changer et de vous pr\u00e9senter notre association.<\/p>\n<p>C&rsquo;est gratuit &#8230;<\/p>\n","protected":false},"excerpt":{"rendered":"<p>L&rsquo;AVF de Moulins et son agglom\u00e9ration vous donne rendez-vous le samedi 2 septembre 2023 \u00e0 Yzeurespace de 10h \u00e0 17h. Venez nous rencontrer, nous seront ravis d&rsquo;\u00e9changer et de vous pr\u00e9senter notre association. C&rsquo;est gratuit &#8230;<\/p>\n","protected":false},"author":28265,"featured_media":0,"comment_status":"closed","ping_status":"open","sticky":false,"template":"","format":"standard","meta":[],"categories":[1],"tags":[],"acf":[],"_links":{"self":[{"href":"https:\/\/avf.asso.fr\/moulins-et-son-agglomeration\/wp-json\/wp\/v2\/posts\/1101"}],"collection":[{"href":"https:\/\/avf.asso.fr\/moulins-et-son-agglomeration\/wp-json\/wp\/v2\/posts"}],"about":[{"href":"https:\/\/avf.asso.fr\/moulins-et-son-agglomeration\/wp-json\/wp\/v2\/types\/post"}],"author":[{"embeddable":true,"href":"https:\/\/avf.asso.fr\/moulins-et-son-agglomeration\/wp-json\/wp\/v2\/users\/28265"}],"replies":[{"embeddable":true,"href":"https:\/\/avf.asso.fr\/moulins-et-son-agglomeration\/wp-json\/wp\/v2\/comments?post=1101"}],"version-history":[{"count":2,"href":"https:\/\/avf.asso.fr\/moulins-et-son-agglomeration\/wp-json\/wp\/v2\/posts\/1101\/revisions"}],"predecessor-version":[{"id":1105,"href":"https:\/\/avf.asso.fr\/moulins-et-son-agglomeration\/wp-json\/wp\/v2\/posts\/1101\/revisions\/1105"}],"wp:attachment":[{"href":"https:\/\/avf.asso.fr\/moulins-et-son-agglomeration\/wp-json\/wp\/v2\/media?parent=1101"}],"wp:term":[{"taxonomy":"category","embeddable":true,"href":"https:\/\/avf.asso.fr\/moulins-et-son-agglomeration\/wp-json\/wp\/v2\/categories?post=1101"},{"taxonomy":"post_tag","embeddable":true,"href":"https:\/\/avf.asso.fr\/moulins-et-son-agglomeration\/wp-json\/wp\/v2\/tags?post=1101"}],"curies":[{"name":"wp","href":"https:\/\/api.w.org\/{rel}","templated":true}]}}