{"id":1161,"date":"2022-07-02T09:06:49","date_gmt":"2022-07-02T07:06:49","guid":{"rendered":"https:\/\/avf.asso.fr\/la-roche-sur-yon\/actualites\/flash-info-de-lunavf-juillet-2022\/"},"modified":"2022-07-02T09:06:49","modified_gmt":"2022-07-02T07:06:49","slug":"flash-info-de-lunavf-juillet-2022","status":"publish","type":"post","link":"https:\/\/avf.asso.fr\/la-roche-sur-yon\/actualites\/flash-info-de-lunavf-juillet-2022\/","title":{"rendered":"Flash info de l&rsquo;UNAVF &#8211; Juillet 2022"},"content":{"rendered":"<p style=\"text-align: center;\"><a href=\"https:\/\/avf.asso.fr\/la-roche-sur-yon\/wp-content\/uploads\/sites\/298\/2022\/07\/FlashInfoUNAVF_jul2022.pdf\" class=\"pdfemb-viewer\" style=\"\" data-width=\"max\" data-height=\"max\"  data-toolbar=\"bottom\" data-toolbar-fixed=\"off\">FlashInfoUNAVF_jul2022<br\/><\/a><\/p>\n<p>&nbsp;<\/p>\n<p><span style=\"color: #000080;\">L&rsquo;Assembl\u00e9e G\u00e9n\u00e9rale de l&rsquo;UNAVF a \u00e9lu, le 22 juin, un nouveau Bureau National qui se pr\u00e9sente \u00e0 vous dans ce Flash Info. Vous pouvez compter sur nous pour vous accompagner dans la r\u00e9alisation de votre mission.<\/span><\/p>\n<p><span style=\"color: #000080;\">Cap sur l&rsquo;avenir tous ensemble.<\/span><br \/>\n<span style=\"color: #000080;\">Bon \u00e9t\u00e9 \u00e0 tous !\u00a0\u00bb<\/span><\/p>\n<p><span style=\"color: #000080;\">Brigitte de METZ NOBLAT &#8211; Pr\u00e9sidente Nationale des Accueils des Villes Fran\u00e7aises<\/span><br \/>\n<span style=\"color: #000080;\">Le 1er juillet 2022<\/span><\/p>\n","protected":false},"excerpt":{"rendered":"<p>&nbsp; L&rsquo;Assembl\u00e9e G\u00e9n\u00e9rale de l&rsquo;UNAVF a \u00e9lu, le 22 juin, un nouveau Bureau National qui se pr\u00e9sente \u00e0 vous dans ce Flash Info. Vous pouvez compter sur nous pour vous accompagner dans la r\u00e9alisation de votre mission. Cap sur l&rsquo;avenir tous ensemble. Bon \u00e9t\u00e9 \u00e0 tous !\u00a0\u00bb Brigitte de METZ NOBLAT &#8211; Pr\u00e9sidente Nationale des [&hellip;]<\/p>\n","protected":false},"author":31632,"featured_media":1160,"comment_status":"closed","ping_status":"closed","sticky":true,"template":"","format":"standard","meta":[],"categories":[128],"tags":[],"acf":[],"_links":{"self":[{"href":"https:\/\/avf.asso.fr\/la-roche-sur-yon\/wp-json\/wp\/v2\/posts\/1161"}],"collection":[{"href":"https:\/\/avf.asso.fr\/la-roche-sur-yon\/wp-json\/wp\/v2\/posts"}],"about":[{"href":"https:\/\/avf.asso.fr\/la-roche-sur-yon\/wp-json\/wp\/v2\/types\/post"}],"author":[{"embeddable":true,"href":"https:\/\/avf.asso.fr\/la-roche-sur-yon\/wp-json\/wp\/v2\/users\/31632"}],"replies":[{"embeddable":true,"href":"https:\/\/avf.asso.fr\/la-roche-sur-yon\/wp-json\/wp\/v2\/comments?post=1161"}],"version-history":[{"count":1,"href":"https:\/\/avf.asso.fr\/la-roche-sur-yon\/wp-json\/wp\/v2\/posts\/1161\/revisions"}],"predecessor-version":[{"id":1163,"href":"https:\/\/avf.asso.fr\/la-roche-sur-yon\/wp-json\/wp\/v2\/posts\/1161\/revisions\/1163"}],"wp:featuredmedia":[{"embeddable":true,"href":"https:\/\/avf.asso.fr\/la-roche-sur-yon\/wp-json\/wp\/v2\/media\/1160"}],"wp:attachment":[{"href":"https:\/\/avf.asso.fr\/la-roche-sur-yon\/wp-json\/wp\/v2\/media?parent=1161"}],"wp:term":[{"taxonomy":"category","embeddable":true,"href":"https:\/\/avf.asso.fr\/la-roche-sur-yon\/wp-json\/wp\/v2\/categories?post=1161"},{"taxonomy":"post_tag","embeddable":true,"href":"https:\/\/avf.asso.fr\/la-roche-sur-yon\/wp-json\/wp\/v2\/tags?post=1161"}],"curies":[{"name":"wp","href":"https:\/\/api.w.org\/{rel}","templated":true}]}}