{"id":1955,"date":"2022-10-17T17:01:57","date_gmt":"2022-10-17T15:01:57","guid":{"rendered":"https:\/\/avf.asso.fr\/la-ferte-bernard\/?p=1955"},"modified":"2024-06-14T16:23:14","modified_gmt":"2024-06-14T14:23:14","slug":"activite-scrapbooking","status":"publish","type":"post","link":"https:\/\/avf.asso.fr\/la-ferte-bernard\/actualites\/activite-scrapbooking\/","title":{"rendered":"Activit\u00e9 Scrapbooking"},"content":{"rendered":"<h3 style=\"text-align: center;\">\u00a0 \u00a0 \u00a0 \u00a0Les dates des ateliers scrapbooking qui se d\u00e9roulent le mercredi apr\u00e8s-midi de 14h00 \u00e0 17h00<\/h3>\n<p style=\"padding-left: 40px;\"><img decoding=\"async\" loading=\"lazy\" src=\"https:\/\/avf.asso.fr\/la-ferte-bernard\/wp-content\/uploads\/sites\/292\/2022\/10\/IMG_1245-300x300.jpg\" alt=\"\" width=\"209\" height=\"209\" class=\"wp-image-1958 alignleft\" srcset=\"https:\/\/avf.asso.fr\/la-ferte-bernard\/wp-content\/uploads\/sites\/292\/2022\/10\/IMG_1245-300x300.jpg 300w, https:\/\/avf.asso.fr\/la-ferte-bernard\/wp-content\/uploads\/sites\/292\/2022\/10\/IMG_1245-1024x1024.jpg 1024w, https:\/\/avf.asso.fr\/la-ferte-bernard\/wp-content\/uploads\/sites\/292\/2022\/10\/IMG_1245-150x150.jpg 150w, https:\/\/avf.asso.fr\/la-ferte-bernard\/wp-content\/uploads\/sites\/292\/2022\/10\/IMG_1245-768x768.jpg 768w, https:\/\/avf.asso.fr\/la-ferte-bernard\/wp-content\/uploads\/sites\/292\/2022\/10\/IMG_1245-1536x1536.jpg 1536w, https:\/\/avf.asso.fr\/la-ferte-bernard\/wp-content\/uploads\/sites\/292\/2022\/10\/IMG_1245-360x360.jpg 360w, https:\/\/avf.asso.fr\/la-ferte-bernard\/wp-content\/uploads\/sites\/292\/2022\/10\/IMG_1245.jpg 1824w\" sizes=\"(max-width: 209px) 100vw, 209px\" \/>\u00a0<img decoding=\"async\" loading=\"lazy\" src=\"https:\/\/avf.asso.fr\/la-ferte-bernard\/wp-content\/uploads\/sites\/292\/2022\/10\/IMG_1249-2-300x300.jpg\" alt=\"\" width=\"209\" height=\"209\" class=\"wp-image-1959 alignright\" srcset=\"https:\/\/avf.asso.fr\/la-ferte-bernard\/wp-content\/uploads\/sites\/292\/2022\/10\/IMG_1249-2-300x300.jpg 300w, https:\/\/avf.asso.fr\/la-ferte-bernard\/wp-content\/uploads\/sites\/292\/2022\/10\/IMG_1249-2-1024x1024.jpg 1024w, https:\/\/avf.asso.fr\/la-ferte-bernard\/wp-content\/uploads\/sites\/292\/2022\/10\/IMG_1249-2-150x150.jpg 150w, https:\/\/avf.asso.fr\/la-ferte-bernard\/wp-content\/uploads\/sites\/292\/2022\/10\/IMG_1249-2-768x768.jpg 768w, https:\/\/avf.asso.fr\/la-ferte-bernard\/wp-content\/uploads\/sites\/292\/2022\/10\/IMG_1249-2-1536x1536.jpg 1536w, https:\/\/avf.asso.fr\/la-ferte-bernard\/wp-content\/uploads\/sites\/292\/2022\/10\/IMG_1249-2-360x360.jpg 360w, https:\/\/avf.asso.fr\/la-ferte-bernard\/wp-content\/uploads\/sites\/292\/2022\/10\/IMG_1249-2.jpg 1785w\" sizes=\"(max-width: 209px) 100vw, 209px\" \/><\/p>\n<p style=\"padding-left: 40px; text-align: center;\">Ann\u00e9e 2024 :<\/p>\n<p style=\"text-align: center;\">18 septembre<\/p>\n<p style=\"text-align: center;\">16 octobre<\/p>\n<p style=\"text-align: center;\">20 novembre<\/p>\n<p style=\"text-align: center;\">4 d\u00e9cembre<\/p>\n<hr \/>\n<p><img decoding=\"async\" loading=\"lazy\" src=\"https:\/\/avf.asso.fr\/la-ferte-bernard\/wp-content\/uploads\/sites\/292\/2022\/10\/IMG_1254-300x300.jpg\" alt=\"\" width=\"209\" height=\"209\" class=\"wp-image-1957 alignleft\" srcset=\"https:\/\/avf.asso.fr\/la-ferte-bernard\/wp-content\/uploads\/sites\/292\/2022\/10\/IMG_1254-300x300.jpg 300w, https:\/\/avf.asso.fr\/la-ferte-bernard\/wp-content\/uploads\/sites\/292\/2022\/10\/IMG_1254-1024x1024.jpg 1024w, https:\/\/avf.asso.fr\/la-ferte-bernard\/wp-content\/uploads\/sites\/292\/2022\/10\/IMG_1254-150x150.jpg 150w, https:\/\/avf.asso.fr\/la-ferte-bernard\/wp-content\/uploads\/sites\/292\/2022\/10\/IMG_1254-768x768.jpg 768w, https:\/\/avf.asso.fr\/la-ferte-bernard\/wp-content\/uploads\/sites\/292\/2022\/10\/IMG_1254-1536x1536.jpg 1536w, https:\/\/avf.asso.fr\/la-ferte-bernard\/wp-content\/uploads\/sites\/292\/2022\/10\/IMG_1254-360x360.jpg 360w, https:\/\/avf.asso.fr\/la-ferte-bernard\/wp-content\/uploads\/sites\/292\/2022\/10\/IMG_1254.jpg 1824w\" sizes=\"(max-width: 209px) 100vw, 209px\" \/><img decoding=\"async\" loading=\"lazy\" src=\"https:\/\/avf.asso.fr\/la-ferte-bernard\/wp-content\/uploads\/sites\/292\/2022\/10\/IMG_1252-2-300x300.jpg\" alt=\"\" width=\"209\" height=\"209\" class=\"wp-image-1961 alignright\" srcset=\"https:\/\/avf.asso.fr\/la-ferte-bernard\/wp-content\/uploads\/sites\/292\/2022\/10\/IMG_1252-2-300x300.jpg 300w, https:\/\/avf.asso.fr\/la-ferte-bernard\/wp-content\/uploads\/sites\/292\/2022\/10\/IMG_1252-2-1024x1024.jpg 1024w, https:\/\/avf.asso.fr\/la-ferte-bernard\/wp-content\/uploads\/sites\/292\/2022\/10\/IMG_1252-2-150x150.jpg 150w, https:\/\/avf.asso.fr\/la-ferte-bernard\/wp-content\/uploads\/sites\/292\/2022\/10\/IMG_1252-2-768x768.jpg 768w, https:\/\/avf.asso.fr\/la-ferte-bernard\/wp-content\/uploads\/sites\/292\/2022\/10\/IMG_1252-2-1536x1536.jpg 1536w, https:\/\/avf.asso.fr\/la-ferte-bernard\/wp-content\/uploads\/sites\/292\/2022\/10\/IMG_1252-2-360x360.jpg 360w, https:\/\/avf.asso.fr\/la-ferte-bernard\/wp-content\/uploads\/sites\/292\/2022\/10\/IMG_1252-2.jpg 1793w\" sizes=\"(max-width: 209px) 100vw, 209px\" \/><\/p>\n<p style=\"text-align: center;\"><span>Ann\u00e9e 2025<\/span> :<\/p>\n<p style=\"text-align: center;\">15 janvier<\/p>\n<p style=\"text-align: center;\">5 f\u00e9vrier<\/p>\n<p style=\"text-align: center;\">12 mars<\/p>\n<p style=\"text-align: center;\">2 avril<\/p>\n<p style=\"text-align: center;\">14 mai<\/p>\n<p style=\"text-align: center;\">11 juin<\/p>\n<p>\u00a0 \u00a0 \u00a0 \u00a0 \u00a0 \u00a0 \u00a0 \u00a0 \u00a0 \u00a0 \u00a0 \u00a0 \u00a0 \u00a0 \u00a0 \u00a0 \u00a0 \u00a0 \u00a0 \u00a0 \u00a0 \u00a0 \u00a0 \u00a0 \u00a0 \u00a0 \u00a0 \u00a0 \u00a0 \u00a0 \u00a0 \u00a0 \u00a0 \u00a0 \u00a0 \u00a0 \u00a0 \u00a0 \u00a0 \u00a0 \u00a0 \u00a0 \u00a0 \u00a0 <img decoding=\"async\" loading=\"lazy\" src=\"https:\/\/avf.asso.fr\/la-ferte-bernard\/wp-content\/uploads\/sites\/292\/2022\/10\/IMG_1251-300x300.jpg\" alt=\"\" width=\"209\" height=\"209\" class=\"wp-image-1960 aligncenter\" srcset=\"https:\/\/avf.asso.fr\/la-ferte-bernard\/wp-content\/uploads\/sites\/292\/2022\/10\/IMG_1251-300x300.jpg 300w, https:\/\/avf.asso.fr\/la-ferte-bernard\/wp-content\/uploads\/sites\/292\/2022\/10\/IMG_1251-1024x1024.jpg 1024w, https:\/\/avf.asso.fr\/la-ferte-bernard\/wp-content\/uploads\/sites\/292\/2022\/10\/IMG_1251-150x150.jpg 150w, https:\/\/avf.asso.fr\/la-ferte-bernard\/wp-content\/uploads\/sites\/292\/2022\/10\/IMG_1251-768x768.jpg 768w, https:\/\/avf.asso.fr\/la-ferte-bernard\/wp-content\/uploads\/sites\/292\/2022\/10\/IMG_1251-1536x1536.jpg 1536w, https:\/\/avf.asso.fr\/la-ferte-bernard\/wp-content\/uploads\/sites\/292\/2022\/10\/IMG_1251-360x360.jpg 360w, https:\/\/avf.asso.fr\/la-ferte-bernard\/wp-content\/uploads\/sites\/292\/2022\/10\/IMG_1251.jpg 1824w\" sizes=\"(max-width: 209px) 100vw, 209px\" \/><\/p>\n","protected":false},"excerpt":{"rendered":"<p>\u00a0 \u00a0 \u00a0 \u00a0Les dates des ateliers scrapbooking qui se d\u00e9roulent le mercredi apr\u00e8s-midi de 14h00 \u00e0 17h00 \u00a0 Ann\u00e9e 2024 : 18 septembre 16 octobre 20 novembre 4 d\u00e9cembre Ann\u00e9e 2025 : 15 janvier 5 f\u00e9vrier 12 mars 2 avril 14 mai 11 juin \u00a0 \u00a0 \u00a0 \u00a0 \u00a0 \u00a0 \u00a0 \u00a0 \u00a0 \u00a0 [&hellip;]<\/p>\n","protected":false},"author":35587,"featured_media":1960,"comment_status":"closed","ping_status":"closed","sticky":true,"template":"","format":"standard","meta":[],"categories":[129],"tags":[],"acf":[],"_links":{"self":[{"href":"https:\/\/avf.asso.fr\/la-ferte-bernard\/wp-json\/wp\/v2\/posts\/1955"}],"collection":[{"href":"https:\/\/avf.asso.fr\/la-ferte-bernard\/wp-json\/wp\/v2\/posts"}],"about":[{"href":"https:\/\/avf.asso.fr\/la-ferte-bernard\/wp-json\/wp\/v2\/types\/post"}],"author":[{"embeddable":true,"href":"https:\/\/avf.asso.fr\/la-ferte-bernard\/wp-json\/wp\/v2\/users\/35587"}],"replies":[{"embeddable":true,"href":"https:\/\/avf.asso.fr\/la-ferte-bernard\/wp-json\/wp\/v2\/comments?post=1955"}],"version-history":[{"count":10,"href":"https:\/\/avf.asso.fr\/la-ferte-bernard\/wp-json\/wp\/v2\/posts\/1955\/revisions"}],"predecessor-version":[{"id":2840,"href":"https:\/\/avf.asso.fr\/la-ferte-bernard\/wp-json\/wp\/v2\/posts\/1955\/revisions\/2840"}],"wp:featuredmedia":[{"embeddable":true,"href":"https:\/\/avf.asso.fr\/la-ferte-bernard\/wp-json\/wp\/v2\/media\/1960"}],"wp:attachment":[{"href":"https:\/\/avf.asso.fr\/la-ferte-bernard\/wp-json\/wp\/v2\/media?parent=1955"}],"wp:term":[{"taxonomy":"category","embeddable":true,"href":"https:\/\/avf.asso.fr\/la-ferte-bernard\/wp-json\/wp\/v2\/categories?post=1955"},{"taxonomy":"post_tag","embeddable":true,"href":"https:\/\/avf.asso.fr\/la-ferte-bernard\/wp-json\/wp\/v2\/tags?post=1955"}],"curies":[{"name":"wp","href":"https:\/\/api.w.org\/{rel}","templated":true}]}}