{"id":6065,"date":"2022-04-18T13:19:37","date_gmt":"2022-04-18T11:19:37","guid":{"rendered":"https:\/\/avf.asso.fr\/clisson\/?p=6065"},"modified":"2022-06-19T21:04:37","modified_gmt":"2022-06-19T19:04:37","slug":"camping-angel-delhil-camp","status":"publish","type":"post","link":"https:\/\/avf.asso.fr\/clisson\/actualites\/camping-angel-delhil-camp\/","title":{"rendered":"Camping Angel &#038; Del&rsquo;Hil Camp"},"content":{"rendered":"<table style=\"border-collapse: collapse; width: 100%;\" border=\"1\">\n<tbody>\n<tr>\n<td style=\"width: 33.3333%;\"><img decoding=\"async\" loading=\"lazy\" src=\"https:\/\/avf.asso.fr\/clisson\/wp-content\/uploads\/sites\/279\/2022\/04\/angel-camp-300x300.png\" alt=\"\" class=\"alignnone size-medium wp-image-6066\" width=\"300\" height=\"300\" srcset=\"https:\/\/avf.asso.fr\/clisson\/wp-content\/uploads\/sites\/279\/2022\/04\/angel-camp-300x300.png 300w, https:\/\/avf.asso.fr\/clisson\/wp-content\/uploads\/sites\/279\/2022\/04\/angel-camp-150x150.png 150w, https:\/\/avf.asso.fr\/clisson\/wp-content\/uploads\/sites\/279\/2022\/04\/angel-camp-360x360.png 360w, https:\/\/avf.asso.fr\/clisson\/wp-content\/uploads\/sites\/279\/2022\/04\/angel-camp.png 596w\" sizes=\"(max-width: 300px) 100vw, 300px\" \/><\/td>\n<td style=\"width: 33.3333%;\">\n<h2 style=\"text-align: center;\"><span>camping <\/span><\/h2>\n<h2 style=\"text-align: center;\"><span>Angel <\/span><\/h2>\n<h2 style=\"text-align: center;\"><span>&amp; <\/span><\/h2>\n<h2 style=\"text-align: center;\"><span>Dev&rsquo;hil Camp<\/span><\/h2>\n<\/td>\n<td style=\"width: 33.3333%;\"><img decoding=\"async\" loading=\"lazy\" src=\"https:\/\/avf.asso.fr\/clisson\/wp-content\/uploads\/sites\/279\/2022\/04\/DEVHIL-CAMP-300x297.png\" alt=\"\" class=\"alignnone size-medium wp-image-6068\" width=\"300\" height=\"297\" srcset=\"https:\/\/avf.asso.fr\/clisson\/wp-content\/uploads\/sites\/279\/2022\/04\/DEVHIL-CAMP-300x297.png 300w, https:\/\/avf.asso.fr\/clisson\/wp-content\/uploads\/sites\/279\/2022\/04\/DEVHIL-CAMP-1024x1015.png 1024w, https:\/\/avf.asso.fr\/clisson\/wp-content\/uploads\/sites\/279\/2022\/04\/DEVHIL-CAMP-150x150.png 150w, https:\/\/avf.asso.fr\/clisson\/wp-content\/uploads\/sites\/279\/2022\/04\/DEVHIL-CAMP-768x761.png 768w, https:\/\/avf.asso.fr\/clisson\/wp-content\/uploads\/sites\/279\/2022\/04\/DEVHIL-CAMP-1536x1522.png 1536w, https:\/\/avf.asso.fr\/clisson\/wp-content\/uploads\/sites\/279\/2022\/04\/DEVHIL-CAMP-2048x2030.png 2048w\" sizes=\"(max-width: 300px) 100vw, 300px\" \/><\/td>\n<\/tr>\n<\/tbody>\n<\/table>\n<div><\/div>\n<div><span>Pour assurer le bon d\u00e9roulement de ce week-end, nous avons besoin d&rsquo;un maximum de b\u00e9n\u00e9voles.\u00a0<\/span><\/div>\n<div><span>Des\u00a0cr\u00e9neaux horaires, de 4 heures (avec quelques cr\u00e9neaux de 2h et 3h pour certains postes),\u00a0seront mis en place\u00a0du jeudi 16 juin au lundi 27 juin.\u00a0<\/span><\/div>\n<div><span>\u00a0<\/span><\/div>\n<div><span>Pour faciliter l&rsquo;organisation, merci de vous inscrire sur les liens Doodle ci-apr\u00e8s (attention: un tableau \u00e0 ouvrir par postes &#8211; vous pouvez bien entendu varier les plaisirs!).<\/span><\/div>\n<div><span>\u00a0<\/span><\/div>\n<div><span>Une r\u00e9union g\u00e9n\u00e9rale avec tous les b\u00e9n\u00e9voles est pr\u00e9vue\u00a0<b>le vendredi 10 juin 2022<\/b> \u00e0 19h , salle des garennes \u00e0 Saint Lumine, afin de vous pr\u00e9senter toutes les missions qui vous serons demand\u00e9es.<br \/>\n<\/span><\/div>\n<div><span>\u00a0<\/span><\/div>\n<div>\n<div><span><strong><u>Quelques consignes pour qu&rsquo;on puisse s&rsquo;y retrouver:<\/u><\/strong><\/span><\/div>\n<div><span><b>-1- sur le doodle, indiquez vos pr\u00e9nom et nom<br \/>\n<\/b><\/span><\/div>\n<div><span><b>-2- inscrivez-vous 5 fois maximum, pour \u00e9viter de bloquer les cr\u00e9neaux\u00a0\u00e0 d&rsquo;autres\u00a0b\u00e9n\u00e9voles (on reviendra vers vous s&rsquo;il nous manque des b\u00e9n\u00e9voles)<br \/>\n<\/b><\/span><\/div>\n<div><span><b>-3-\u00a0<u>Une fois votre inscription termin\u00e9e<\/u>, renvoyer un mail \u00e0\u00a0 l&rsquo;adresse\u00a0<a href=\"mailto:benevoles.angeletdevhilcamp@gmail.com\" target=\"_blank\" rel=\"noopener noreferrer\">benevoles.angeletdevhilcamp@gmail.com<\/a>\u00a0(retour de mail) en pr\u00e9cisant:<\/b><\/span><\/div>\n<ul>\n<li><span><b>\u00a0vos noms et pr\u00e9noms et votre association (ou commune si vous ne faites pas partie d&rsquo;une association);<br \/>\n<\/b><\/span><\/li>\n<li><span><b>\u00a0votre num\u00e9ro de t\u00e9l\u00e9phone;<br \/>\n<\/b><\/span><\/li>\n<li><span><b>\u00a0votre taille de T-shirt;<\/b><\/span><\/li>\n<li><span><b>\u00a0une autorisation parentale si vous avez entre 15 et 18 ans.<br \/>\n<\/b><\/span><\/li>\n<\/ul>\n<div><span><span style=\"color: #cc0000;\"><b>MERCI D&rsquo;AVANCE!!!<\/b><br \/>\n<\/span><\/span><\/div>\n<\/div>\n<div><span>\u00a0<\/span><\/div>\n<div><span>\u00a0<\/span><\/div>\n<div><span>&#8211;\u00a0<strong><u>Pour l&rsquo;Accueil &amp; la Surveillance:<\/u><\/strong><\/span><\/div>\n<div><span style=\"text-decoration: underline;\"><span style=\"color: #0000ff;\"><a href=\"https:\/\/doodle.com\/meeting\/participate\/id\/ZdPDVGAd\" target=\"_blank\" rel=\"noopener noreferrer\" style=\"color: #0000ff;\">https:\/\/doodle.com\/meeting\/participate\/id\/ZdPDVGAd<\/a><\/span><\/span><\/div>\n<div><span>\u00a0<\/span><\/div>\n<div><span>&#8211;\u00a0<strong><u>Pour le Nettoyage:<\/u><\/strong><\/span><\/div>\n<div><span><\/span><span><a href=\"https:\/\/doodle.com\/meeting\/participate\/id\/qaQxwO0e\" target=\"_blank\" rel=\"noopener noreferrer\"><\/a><\/span><span style=\"text-decoration: underline; color: #0000ff;\"><a href=\"https:\/\/doodle.com\/meeting\/participate\/id\/mbk4LA6d\" target=\"_blank\" rel=\"noopener noreferrer\" style=\"color: #0000ff; text-decoration: underline;\">https:\/\/doodle.com\/meeting\/participate\/id\/mbk4LA6d<\/a>\u00a0<\/span><span><a href=\"https:\/\/doodle.com\/meeting\/participate\/id\/qaQxwO0e\" target=\"_blank\" rel=\"noopener noreferrer\"><br \/>\n<\/a><\/span><\/div>\n<div><span>\u00a0<\/span><\/div>\n<div><span>&#8211;\u00a0<strong><u>Pour le brunch\/\u00a0 Petit-D\u00e9jeuner<\/u><\/strong>:<\/span><\/div>\n<div><span><span style=\"text-decoration: underline; color: #0000ff;\"><a href=\"https:\/\/doodle.com\/meeting\/participate\/id\/Rb40yz2b\" target=\"_blank\" rel=\"noopener noreferrer\" style=\"color: #0000ff; text-decoration: underline;\">https:\/\/doodle.com\/meeting\/participate\/id\/Rb40yz2b<\/a>\u00a0<\/span><a href=\"https:\/\/doodle.com\/meeting\/participate\/id\/qaQxwO0e\" target=\"_blank\" rel=\"noopener noreferrer\"><br \/>\n<\/a><br \/>\n<\/span><\/div>\n<div><span><\/span><\/div>\n<div><span>&#8211;\u00a0<strong><u>Pour le Transport:<\/u><\/strong><\/span><span style=\"color: #0000ff;\"><u><br \/>\n<\/u><\/span><\/div>\n<div><span style=\"text-decoration: underline;\"><span style=\"color: #0000ff; text-decoration: underline;\"><a href=\"https:\/\/doodle.com\/meeting\/participate\/id\/vbm4j8Ga\" target=\"_blank\" rel=\"noopener noreferrer\"><span style=\"color: #0000ff; text-decoration: underline;\">https:\/\/doodle.com\/meeting\/participate\/id\/vbm4j8Ga<\/span><\/a><\/span><\/span><\/div>\n<div><\/div>\n<div>\u00a0.<\/div>\n<div>La commission b\u00e9n\u00e9voles Florian, C\u00e9leste et Nadia<\/div>\n","protected":false},"excerpt":{"rendered":"<p>camping Angel &amp; Dev&rsquo;hil Camp Pour assurer le bon d\u00e9roulement de ce week-end, nous avons besoin d&rsquo;un maximum de b\u00e9n\u00e9voles.\u00a0 Des\u00a0cr\u00e9neaux horaires, de 4 heures (avec quelques cr\u00e9neaux de 2h et 3h pour certains postes),\u00a0seront mis en place\u00a0du jeudi 16 juin au lundi 27 juin.\u00a0 \u00a0 Pour faciliter l&rsquo;organisation, merci de vous inscrire sur les [&hellip;]<\/p>\n","protected":false},"author":31955,"featured_media":6067,"comment_status":"closed","ping_status":"open","sticky":false,"template":"","format":"standard","meta":[],"categories":[125],"tags":[],"acf":[],"_links":{"self":[{"href":"https:\/\/avf.asso.fr\/clisson\/wp-json\/wp\/v2\/posts\/6065"}],"collection":[{"href":"https:\/\/avf.asso.fr\/clisson\/wp-json\/wp\/v2\/posts"}],"about":[{"href":"https:\/\/avf.asso.fr\/clisson\/wp-json\/wp\/v2\/types\/post"}],"author":[{"embeddable":true,"href":"https:\/\/avf.asso.fr\/clisson\/wp-json\/wp\/v2\/users\/31955"}],"replies":[{"embeddable":true,"href":"https:\/\/avf.asso.fr\/clisson\/wp-json\/wp\/v2\/comments?post=6065"}],"version-history":[{"count":9,"href":"https:\/\/avf.asso.fr\/clisson\/wp-json\/wp\/v2\/posts\/6065\/revisions"}],"predecessor-version":[{"id":6078,"href":"https:\/\/avf.asso.fr\/clisson\/wp-json\/wp\/v2\/posts\/6065\/revisions\/6078"}],"wp:featuredmedia":[{"embeddable":true,"href":"https:\/\/avf.asso.fr\/clisson\/wp-json\/wp\/v2\/media\/6067"}],"wp:attachment":[{"href":"https:\/\/avf.asso.fr\/clisson\/wp-json\/wp\/v2\/media?parent=6065"}],"wp:term":[{"taxonomy":"category","embeddable":true,"href":"https:\/\/avf.asso.fr\/clisson\/wp-json\/wp\/v2\/categories?post=6065"},{"taxonomy":"post_tag","embeddable":true,"href":"https:\/\/avf.asso.fr\/clisson\/wp-json\/wp\/v2\/tags?post=6065"}],"curies":[{"name":"wp","href":"https:\/\/api.w.org\/{rel}","templated":true}]}}