{"id":6010,"date":"2022-04-11T21:48:15","date_gmt":"2022-04-11T19:48:15","guid":{"rendered":"https:\/\/avf.asso.fr\/clisson\/?p=6010"},"modified":"2022-05-13T08:40:12","modified_gmt":"2022-05-13T06:40:12","slug":"exposition-peinture","status":"publish","type":"post","link":"https:\/\/avf.asso.fr\/clisson\/actualites\/exposition-peinture\/","title":{"rendered":"Exposition peinture"},"content":{"rendered":"<p><span>Les dix peintres amateurs vous ont pr\u00e9sent\u00e9 quelques unes de leurs \u0153uvres.<\/span><\/p>\n<p><span>Ce large \u00e9ventail d\u2019\u0153uvres propos\u00e9es, allant du figuratif \u00e0 l\u2019abstrait suivant la sensibilit\u00e9 de chaque artiste et la technique utilis\u00e9e (Huile, Acrylique, Aquarelle, Dessin.) a \u00e9merveill\u00e9 les visiteurs.<br \/>\n<\/span><\/p>\n<p>&nbsp;<\/p>\n<p><iframe class=\"wp-embedded-content\" sandbox=\"allow-scripts\" security=\"restricted\" title=\"AVF_expo_09-10-04-22\" width=\"560\" height=\"315\" src=\"https:\/\/peertube.iriseden.eu\/videos\/embed\/a0fe5cc7-a570-466d-b2ee-bbee41e41616#?secret=NGsQGBWsBR\" data-secret=\"NGsQGBWsBR\" frameborder=\"0\"><\/iframe><\/p>\n<p><a href=\"https:\/\/peertube.iriseden.eu\/w\/kT3UZzxT5of3E7JvPnAmem\" target=\"_blank\" rel=\"noopener noreferrer\">\u00a0Plein \u00e9cran<\/a><\/p>\n<p>&nbsp;<\/p>\n","protected":false},"excerpt":{"rendered":"<p>Les dix peintres amateurs vous ont pr\u00e9sent\u00e9 quelques unes de leurs \u0153uvres. Ce large \u00e9ventail d\u2019\u0153uvres propos\u00e9es, allant du figuratif \u00e0 l\u2019abstrait suivant la sensibilit\u00e9 de chaque artiste et la technique utilis\u00e9e (Huile, Acrylique, Aquarelle, Dessin.) a \u00e9merveill\u00e9 les visiteurs. &nbsp; \u00a0Plein \u00e9cran &nbsp;<\/p>\n","protected":false},"author":31955,"featured_media":6016,"comment_status":"closed","ping_status":"open","sticky":false,"template":"","format":"standard","meta":[],"categories":[113],"tags":[],"acf":[],"_links":{"self":[{"href":"https:\/\/avf.asso.fr\/clisson\/wp-json\/wp\/v2\/posts\/6010"}],"collection":[{"href":"https:\/\/avf.asso.fr\/clisson\/wp-json\/wp\/v2\/posts"}],"about":[{"href":"https:\/\/avf.asso.fr\/clisson\/wp-json\/wp\/v2\/types\/post"}],"author":[{"embeddable":true,"href":"https:\/\/avf.asso.fr\/clisson\/wp-json\/wp\/v2\/users\/31955"}],"replies":[{"embeddable":true,"href":"https:\/\/avf.asso.fr\/clisson\/wp-json\/wp\/v2\/comments?post=6010"}],"version-history":[{"count":8,"href":"https:\/\/avf.asso.fr\/clisson\/wp-json\/wp\/v2\/posts\/6010\/revisions"}],"predecessor-version":[{"id":6033,"href":"https:\/\/avf.asso.fr\/clisson\/wp-json\/wp\/v2\/posts\/6010\/revisions\/6033"}],"wp:featuredmedia":[{"embeddable":true,"href":"https:\/\/avf.asso.fr\/clisson\/wp-json\/wp\/v2\/media\/6016"}],"wp:attachment":[{"href":"https:\/\/avf.asso.fr\/clisson\/wp-json\/wp\/v2\/media?parent=6010"}],"wp:term":[{"taxonomy":"category","embeddable":true,"href":"https:\/\/avf.asso.fr\/clisson\/wp-json\/wp\/v2\/categories?post=6010"},{"taxonomy":"post_tag","embeddable":true,"href":"https:\/\/avf.asso.fr\/clisson\/wp-json\/wp\/v2\/tags?post=6010"}],"curies":[{"name":"wp","href":"https:\/\/api.w.org\/{rel}","templated":true}]}}