{"id":1685,"date":"2021-05-29T01:25:43","date_gmt":"2021-05-28T23:25:43","guid":{"rendered":"https:\/\/avf.asso.fr\/clermont-de-loise\/?p=1685"},"modified":"2021-09-10T23:54:38","modified_gmt":"2021-09-10T21:54:38","slug":"ca-avf-clermont-de-loise","status":"publish","type":"post","link":"https:\/\/avf.asso.fr\/clermont-de-loise\/actualites\/ca-avf-clermont-de-loise\/","title":{"rendered":"CA AVF Clermont de l&rsquo;Oise"},"content":{"rendered":"<p><a href=\"https:\/\/avf.asso.fr\/clermont-de-loise\/wp-content\/uploads\/sites\/54\/2021\/05\/IMG_20210526_162911-scaled.jpg\"><\/a><\/p>\n<p><span style=\"color: #000080;\"><em><strong>Le CA d&rsquo;AVF Clermont s&rsquo;est r\u00e9uni le mercredi 26\/05\/2021,et s&rsquo;est d\u00e9roul\u00e9 dans la convivialit\u00e9 et le plaisir de se retrouver.<\/strong><\/em><\/span><\/p>\n<p><span style=\"color: #000080;\"><em><strong>Les animations vont reprendre progressivement dans le respect des gestes barri\u00e8res. Pour le mois de juin il est pr\u00e9vu deux sorties,ainsi que la reprise des balades en foret,avec deux groupes..1)Les marcheur pour environ 7 \u00e0 8 km 2) Les autres pour une petite ballade de 3 \u00e0 4 km.<\/strong><\/em><\/span><\/p>\n<p><span style=\"color: #000080;\"><em><strong>\u00c9galement la gym douce durant une balade en foret,etc&#8230;..<\/strong><\/em><\/span><\/p>\n<p><span style=\"color: #000080;\"><em><strong>De nombreux nouveaux projets sont en cours contactez nous afin de rejoindre l&rsquo;AVF de Clermont de l&rsquo;Oise.<\/strong><\/em><\/span><\/p>\n","protected":false},"excerpt":{"rendered":"<p>Le CA d&rsquo;AVF Clermont s&rsquo;est r\u00e9uni le mercredi 26\/05\/2021,et s&rsquo;est d\u00e9roul\u00e9 dans la convivialit\u00e9 et le plaisir de se retrouver. Les animations vont reprendre progressivement dans le respect des gestes barri\u00e8res. Pour le mois de juin il est pr\u00e9vu deux sorties,ainsi que la reprise des balades en foret,avec deux groupes..1)Les marcheur pour environ 7 \u00e0 [&hellip;]<\/p>\n","protected":false},"author":208,"featured_media":1686,"comment_status":"closed","ping_status":"open","sticky":false,"template":"","format":"standard","meta":[],"categories":[1],"tags":[],"acf":[],"_links":{"self":[{"href":"https:\/\/avf.asso.fr\/clermont-de-loise\/wp-json\/wp\/v2\/posts\/1685"}],"collection":[{"href":"https:\/\/avf.asso.fr\/clermont-de-loise\/wp-json\/wp\/v2\/posts"}],"about":[{"href":"https:\/\/avf.asso.fr\/clermont-de-loise\/wp-json\/wp\/v2\/types\/post"}],"author":[{"embeddable":true,"href":"https:\/\/avf.asso.fr\/clermont-de-loise\/wp-json\/wp\/v2\/users\/208"}],"replies":[{"embeddable":true,"href":"https:\/\/avf.asso.fr\/clermont-de-loise\/wp-json\/wp\/v2\/comments?post=1685"}],"version-history":[{"count":5,"href":"https:\/\/avf.asso.fr\/clermont-de-loise\/wp-json\/wp\/v2\/posts\/1685\/revisions"}],"predecessor-version":[{"id":1701,"href":"https:\/\/avf.asso.fr\/clermont-de-loise\/wp-json\/wp\/v2\/posts\/1685\/revisions\/1701"}],"wp:featuredmedia":[{"embeddable":true,"href":"https:\/\/avf.asso.fr\/clermont-de-loise\/wp-json\/wp\/v2\/media\/1686"}],"wp:attachment":[{"href":"https:\/\/avf.asso.fr\/clermont-de-loise\/wp-json\/wp\/v2\/media?parent=1685"}],"wp:term":[{"taxonomy":"category","embeddable":true,"href":"https:\/\/avf.asso.fr\/clermont-de-loise\/wp-json\/wp\/v2\/categories?post=1685"},{"taxonomy":"post_tag","embeddable":true,"href":"https:\/\/avf.asso.fr\/clermont-de-loise\/wp-json\/wp\/v2\/tags?post=1685"}],"curies":[{"name":"wp","href":"https:\/\/api.w.org\/{rel}","templated":true}]}}