{"id":1521,"date":"2020-09-17T11:16:28","date_gmt":"2020-09-17T09:16:28","guid":{"rendered":"https:\/\/avf.asso.fr\/clermont-de-loise\/?p=1521"},"modified":"2020-09-22T10:20:11","modified_gmt":"2020-09-22T08:20:11","slug":"sortie-en-picardie","status":"publish","type":"post","link":"https:\/\/avf.asso.fr\/clermont-de-loise\/actualites\/sortie-en-picardie\/","title":{"rendered":"Sortie en Picardie"},"content":{"rendered":"<p><span style=\"color: #000080\"><strong>Ch\u00e8res adh\u00e9rentes, Chers adh\u00e9rents,<\/strong><\/span><\/p>\n<p>&nbsp;<\/p>\n<p>&nbsp;<\/p>\n<p><span style=\"color: #000080\"><strong>J\u2019ai le plaisir de vous inviter<\/strong><\/span><\/p>\n<p>&nbsp;<\/p>\n<p><span style=\"color: #000080\"><strong>Le Jeudi 8 octobre 2020<\/strong><\/span><\/p>\n<p>&nbsp;<\/p>\n<p><span style=\"color: #000080\"><strong>au jardin Les couleurs de l\u2019Instant<\/strong><\/span><\/p>\n<p><span style=\"color: #000080\"><strong>\u00e0 Villers Saint S\u00e9pulcre<\/strong><\/span><\/p>\n<p>&nbsp;<\/p>\n<p><span style=\"color: #000080\"><strong>Visite du parc de 3\u00a0500 m2 \u00e0 pied<\/strong><\/span><\/p>\n<p>&nbsp;<\/p>\n<p>&nbsp;<\/p>\n<p><span style=\"color: #000080\"><strong>DUR\u00c9E DE LA VISITE 1H30 \u00e0 2H00<\/strong><\/span><\/p>\n<p>&nbsp;<\/p>\n<p><span style=\"color: #000080\"><strong>DES BANCS ET KIOSQUES SONT A DISPOSITION DANS LE PARC<\/strong><\/span><\/p>\n<p>&nbsp;<\/p>\n<p><span style=\"color: #000080\"><strong>Adresse\u00a0:<\/strong><\/span><\/p>\n<p>&nbsp;<\/p>\n<p><span style=\"color: #000080\"><strong>38 rue de la Place<\/strong><\/span><\/p>\n<p><span style=\"color: #000080\"><strong>60134 VILLERS ST S\u00c9PULCRE<\/strong><\/span><\/p>\n<p><span style=\"color: #000080\"><strong>\u00a0DE CLERMONT A VILLERS ST S\u00c9PULCRE ENVIRON 15 KMS<\/strong><\/span><\/p>\n<p>&nbsp;<\/p>\n<p><span style=\"color: #000080\"><strong>Tarif\u00a0: <span style=\"text-decoration: line-through\">5 Euros<\/span><\/strong><\/span><\/p>\n<p>&nbsp;<\/p>\n<p><span style=\"color: #000080\"><strong>L\u2019entr\u00e9e ainsi qu\u2019un go\u00fbter vous sont offerts par AVF Clermont en compensation de votre cotisation 2019\/2020<\/strong><\/span><\/p>\n<p>&nbsp;<\/p>\n<p><span style=\"color: #000080\"><strong>LIEU DE RENDEZ-VOUS\u00a0 :<\/strong><\/span><\/p>\n<p><span style=\"color: #000080\"><strong>. 13h30\u00a0: parking du centre socio culturel<\/strong><\/span><\/p>\n<p><span style=\"color: #000080\"><strong>. 14h15\u00a0: 38 rue de la Place \u00e0 Villers Saint S\u00e9pulcre<\/strong><\/span><\/p>\n<p>&nbsp;<\/p>\n<p>&nbsp;<\/p>\n<p><span style=\"color: #000080\"><strong>Inscriptions aupr\u00e8s de vos animatrices ou par t\u00e9l\u00e9phone au 06 72 54 47 91 Claudette PY.<\/strong><\/span><\/p>\n<p>&nbsp;<\/p>\n<p>&nbsp;<\/p>\n<p>&nbsp;<\/p>\n<p><span style=\"color: #000080\"><strong>CE SERA L\u2019OCCASION DE SE RENCONTRER, BAVARDER, NOUS CULTIVER, \u00c9CHANGER et \u2026.. SOURIRE AUX BEAUTES DE LA NATURE\u00a0!<\/strong><\/span><\/p>\n<p>&nbsp;<\/p>\n<p>&nbsp;<\/p>\n<p><span style=\"color: #000080\"><strong>Marie-Rose PONTREUE<\/strong><\/span><\/p>\n<p><span style=\"color: #000080\"><strong>Pr\u00e9sidente AVF Clermont<\/strong><\/span><\/p>\n<p>&nbsp;<\/p>\n","protected":false},"excerpt":{"rendered":"<p>Ch\u00e8res adh\u00e9rentes, Chers adh\u00e9rents, &nbsp; &nbsp; J\u2019ai le plaisir de vous inviter &nbsp; Le Jeudi 8 octobre 2020 &nbsp; au jardin Les couleurs de l\u2019Instant \u00e0 Villers Saint S\u00e9pulcre &nbsp; Visite du parc de 3\u00a0500 m2 \u00e0 pied &nbsp; &nbsp; DUR\u00c9E DE LA VISITE 1H30 \u00e0 2H00 &nbsp; DES BANCS ET KIOSQUES SONT A DISPOSITION [&hellip;]<\/p>\n","protected":false},"author":208,"featured_media":1526,"comment_status":"closed","ping_status":"open","sticky":false,"template":"","format":"standard","meta":[],"categories":[106],"tags":[],"acf":[],"_links":{"self":[{"href":"https:\/\/avf.asso.fr\/clermont-de-loise\/wp-json\/wp\/v2\/posts\/1521"}],"collection":[{"href":"https:\/\/avf.asso.fr\/clermont-de-loise\/wp-json\/wp\/v2\/posts"}],"about":[{"href":"https:\/\/avf.asso.fr\/clermont-de-loise\/wp-json\/wp\/v2\/types\/post"}],"author":[{"embeddable":true,"href":"https:\/\/avf.asso.fr\/clermont-de-loise\/wp-json\/wp\/v2\/users\/208"}],"replies":[{"embeddable":true,"href":"https:\/\/avf.asso.fr\/clermont-de-loise\/wp-json\/wp\/v2\/comments?post=1521"}],"version-history":[{"count":0,"href":"https:\/\/avf.asso.fr\/clermont-de-loise\/wp-json\/wp\/v2\/posts\/1521\/revisions"}],"wp:featuredmedia":[{"embeddable":true,"href":"https:\/\/avf.asso.fr\/clermont-de-loise\/wp-json\/wp\/v2\/media\/1526"}],"wp:attachment":[{"href":"https:\/\/avf.asso.fr\/clermont-de-loise\/wp-json\/wp\/v2\/media?parent=1521"}],"wp:term":[{"taxonomy":"category","embeddable":true,"href":"https:\/\/avf.asso.fr\/clermont-de-loise\/wp-json\/wp\/v2\/categories?post=1521"},{"taxonomy":"post_tag","embeddable":true,"href":"https:\/\/avf.asso.fr\/clermont-de-loise\/wp-json\/wp\/v2\/tags?post=1521"}],"curies":[{"name":"wp","href":"https:\/\/api.w.org\/{rel}","templated":true}]}}