{"id":1503,"date":"2020-05-31T23:56:54","date_gmt":"2020-05-31T21:56:54","guid":{"rendered":"https:\/\/avf.asso.fr\/clermont-de-loise\/?p=1503"},"modified":"2020-06-19T09:46:06","modified_gmt":"2020-06-19T07:46:06","slug":"reprise-de-certaines-animations","status":"publish","type":"post","link":"https:\/\/avf.asso.fr\/clermont-de-loise\/actualites\/reprise-de-certaines-animations\/","title":{"rendered":"REPRISE DE CERTAINES ANIMATIONS"},"content":{"rendered":"<p><span style=\"color: #339966\"><em><strong><a href=\"https:\/\/avf.asso.fr\/clermont-de-loise\/wp-content\/uploads\/sites\/54\/2020\/05\/Marche-du-9juin-2020.jpg\"><img decoding=\"async\" loading=\"lazy\" class=\"alignnone size-medium wp-image-1507\" src=\"https:\/\/avf.asso.fr\/clermont-de-loise\/wp-content\/uploads\/sites\/54\/2020\/05\/Marche-du-9juin-2020-300x169.jpg\" alt=\"\" width=\"300\" height=\"169\" srcset=\"https:\/\/avf.asso.fr\/clermont-de-loise\/wp-content\/uploads\/sites\/54\/2020\/05\/Marche-du-9juin-2020-300x169.jpg 300w, https:\/\/avf.asso.fr\/clermont-de-loise\/wp-content\/uploads\/sites\/54\/2020\/05\/Marche-du-9juin-2020-768x432.jpg 768w, https:\/\/avf.asso.fr\/clermont-de-loise\/wp-content\/uploads\/sites\/54\/2020\/05\/Marche-du-9juin-2020-1024x576.jpg 1024w, https:\/\/avf.asso.fr\/clermont-de-loise\/wp-content\/uploads\/sites\/54\/2020\/05\/Marche-du-9juin-2020.jpg 1600w\" sizes=\"(max-width: 300px) 100vw, 300px\" \/><\/a>Bonjour avec l&rsquo;accord de notre pr\u00e9sidente d&rsquo;AVF Clermont de l\u2019Oise l&rsquo;animation marche(promenade en foret) va recommencer \u00e0 dater du mardi 2 Juin 2020,pensez \u00e0 contacter l&rsquo;animatrice Nicole.<\/strong><\/em><\/span><\/p>\n<p><span style=\"color: #339966\"><em><strong>Egalement il est pr\u00e9cis\u00e9 que l&rsquo;on ne doit pas d\u00e9passer 10 Marcheurs et garder les distances de s\u00e9curit\u00e9.\u00a0<\/strong><\/em><\/span><\/p>\n","protected":false},"excerpt":{"rendered":"<p>Bonjour avec l&rsquo;accord de notre pr\u00e9sidente d&rsquo;AVF Clermont de l\u2019Oise l&rsquo;animation marche(promenade en foret) va recommencer \u00e0 dater du mardi 2 Juin 2020,pensez \u00e0 contacter l&rsquo;animatrice Nicole. Egalement il est pr\u00e9cis\u00e9 que l&rsquo;on ne doit pas d\u00e9passer 10 Marcheurs et garder les distances de s\u00e9curit\u00e9.\u00a0<\/p>\n","protected":false},"author":208,"featured_media":1504,"comment_status":"closed","ping_status":"open","sticky":false,"template":"","format":"standard","meta":[],"categories":[106],"tags":[],"acf":[],"_links":{"self":[{"href":"https:\/\/avf.asso.fr\/clermont-de-loise\/wp-json\/wp\/v2\/posts\/1503"}],"collection":[{"href":"https:\/\/avf.asso.fr\/clermont-de-loise\/wp-json\/wp\/v2\/posts"}],"about":[{"href":"https:\/\/avf.asso.fr\/clermont-de-loise\/wp-json\/wp\/v2\/types\/post"}],"author":[{"embeddable":true,"href":"https:\/\/avf.asso.fr\/clermont-de-loise\/wp-json\/wp\/v2\/users\/208"}],"replies":[{"embeddable":true,"href":"https:\/\/avf.asso.fr\/clermont-de-loise\/wp-json\/wp\/v2\/comments?post=1503"}],"version-history":[{"count":0,"href":"https:\/\/avf.asso.fr\/clermont-de-loise\/wp-json\/wp\/v2\/posts\/1503\/revisions"}],"wp:featuredmedia":[{"embeddable":true,"href":"https:\/\/avf.asso.fr\/clermont-de-loise\/wp-json\/wp\/v2\/media\/1504"}],"wp:attachment":[{"href":"https:\/\/avf.asso.fr\/clermont-de-loise\/wp-json\/wp\/v2\/media?parent=1503"}],"wp:term":[{"taxonomy":"category","embeddable":true,"href":"https:\/\/avf.asso.fr\/clermont-de-loise\/wp-json\/wp\/v2\/categories?post=1503"},{"taxonomy":"post_tag","embeddable":true,"href":"https:\/\/avf.asso.fr\/clermont-de-loise\/wp-json\/wp\/v2\/tags?post=1503"}],"curies":[{"name":"wp","href":"https:\/\/api.w.org\/{rel}","templated":true}]}}