{"id":2419,"date":"2023-04-03T09:00:15","date_gmt":"2023-04-03T07:00:15","guid":{"rendered":"https:\/\/avf.asso.fr\/chaumont\/?p=2419"},"modified":"2023-04-01T11:57:55","modified_gmt":"2023-04-01T09:57:55","slug":"marche-longue-du-mercredi-5-avril-2023","status":"publish","type":"post","link":"https:\/\/avf.asso.fr\/chaumont\/actualites\/marche-longue-du-mercredi-5-avril-2023\/","title":{"rendered":"Marche longue du mercredi 5 avril 2023"},"content":{"rendered":"<p>C\u2019est le mercredi 5 avril que nous nous retrouverons \u00e0 13 h 30, parking du gymnase Lionel MEUNIER, pour un d\u00e9part vers Choignes.<\/p>\n<p>La randonn\u00e9e d&rsquo;une dizaine de kilom\u00e8tres sera guid\u00e9e par Th\u00e9r\u00e8se BOULANT.<br \/>\nPour de plus amples informations, vous pouvez contacter les responsables. Vous trouverez leurs coordonn\u00e9es t\u00e9l\u00e9phoniques ci-dessous:<\/p>\n<p>Contacts:<\/p>\n<p>Th\u00e9r\u00e8se BOULANT: 06 32 50 75 01 ou 03 25 03 72 49<\/p>\n<p>Herv\u00e9 WLODARCZYK : 06 84 31 88 59<\/p>\n<p>&nbsp;<\/p>\n","protected":false},"excerpt":{"rendered":"<p>C\u2019est le mercredi 5 avril que nous nous retrouverons \u00e0 13 h 30, parking du gymnase Lionel MEUNIER, pour un d\u00e9part vers Choignes. La randonn\u00e9e d&rsquo;une dizaine de kilom\u00e8tres sera guid\u00e9e par Th\u00e9r\u00e8se BOULANT. Pour de plus amples informations, vous pouvez contacter les responsables. Vous trouverez leurs coordonn\u00e9es t\u00e9l\u00e9phoniques ci-dessous: Contacts: Th\u00e9r\u00e8se BOULANT: 06 32 [&hellip;]<\/p>\n","protected":false},"author":33070,"featured_media":0,"comment_status":"closed","ping_status":"open","sticky":true,"template":"","format":"standard","meta":[],"categories":[1],"tags":[],"acf":[],"_links":{"self":[{"href":"https:\/\/avf.asso.fr\/chaumont\/wp-json\/wp\/v2\/posts\/2419"}],"collection":[{"href":"https:\/\/avf.asso.fr\/chaumont\/wp-json\/wp\/v2\/posts"}],"about":[{"href":"https:\/\/avf.asso.fr\/chaumont\/wp-json\/wp\/v2\/types\/post"}],"author":[{"embeddable":true,"href":"https:\/\/avf.asso.fr\/chaumont\/wp-json\/wp\/v2\/users\/33070"}],"replies":[{"embeddable":true,"href":"https:\/\/avf.asso.fr\/chaumont\/wp-json\/wp\/v2\/comments?post=2419"}],"version-history":[{"count":6,"href":"https:\/\/avf.asso.fr\/chaumont\/wp-json\/wp\/v2\/posts\/2419\/revisions"}],"predecessor-version":[{"id":2426,"href":"https:\/\/avf.asso.fr\/chaumont\/wp-json\/wp\/v2\/posts\/2419\/revisions\/2426"}],"wp:attachment":[{"href":"https:\/\/avf.asso.fr\/chaumont\/wp-json\/wp\/v2\/media?parent=2419"}],"wp:term":[{"taxonomy":"category","embeddable":true,"href":"https:\/\/avf.asso.fr\/chaumont\/wp-json\/wp\/v2\/categories?post=2419"},{"taxonomy":"post_tag","embeddable":true,"href":"https:\/\/avf.asso.fr\/chaumont\/wp-json\/wp\/v2\/tags?post=2419"}],"curies":[{"name":"wp","href":"https:\/\/api.w.org\/{rel}","templated":true}]}}