{"id":2230,"date":"2020-12-27T18:14:32","date_gmt":"2020-12-27T17:14:32","guid":{"rendered":"https:\/\/avf.asso.fr\/bourges\/actualites\/assemblee-generale-uravf-centre-val-de-loire-2019\/"},"modified":"2020-12-27T18:29:50","modified_gmt":"2020-12-27T17:29:50","slug":"assemblee-generale-uravf-centre-val-de-loire-2019","status":"publish","type":"post","link":"https:\/\/avf.asso.fr\/bourges\/actualites\/assemblee-generale-uravf-centre-val-de-loire-2019\/","title":{"rendered":"Assembl\u00e9e G\u00e9n\u00e9rale URAVF Centre Val de Loire 2019"},"content":{"rendered":"<p>A l&rsquo;occasion de l&rsquo;Assembl\u00e9e G\u00e9n\u00e9rale 2019 (retard\u00e9e en raison de la COVID-19) de l&rsquo;Union R\u00e9gionale des AVF de la R\u00e9gion Centre Val de Loire qui a eu lieu le 17 d\u00e9cembre 2020, la pr\u00e9sidente de l&rsquo;UNAVF, Mich\u00e8le Prou Barba s&rsquo;est adress\u00e9 aux membres du Conseil d&rsquo;Administration mais \u00e9galement \u00e0 chaque b\u00e9n\u00e9vole, adh\u00e9rent des AVF de la r\u00e9gion. <a href=\"https:\/\/youtu.be\/1LCzFQfYxcw\">Vous pouvez consulter ce message vid\u00e9o<\/a><\/p>\n","protected":false},"excerpt":{"rendered":"<p>A l&rsquo;occasion de l&rsquo;Assembl\u00e9e G\u00e9n\u00e9rale 2019 (retard\u00e9e en raison de la COVID-19) de l&rsquo;Union R\u00e9gionale des AVF de la R\u00e9gion Centre Val de Loire qui a eu lieu le 17 d\u00e9cembre 2020, la pr\u00e9sidente de l&rsquo;UNAVF, Mich\u00e8le Prou Barba s&rsquo;est adress\u00e9 aux membres du Conseil d&rsquo;Administration mais \u00e9galement \u00e0 chaque b\u00e9n\u00e9vole, adh\u00e9rent des AVF de [&hellip;]<\/p>\n","protected":false},"author":206,"featured_media":0,"comment_status":"open","ping_status":"open","sticky":false,"template":"","format":"standard","meta":[],"categories":[1],"tags":[],"acf":[],"_links":{"self":[{"href":"https:\/\/avf.asso.fr\/bourges\/wp-json\/wp\/v2\/posts\/2230"}],"collection":[{"href":"https:\/\/avf.asso.fr\/bourges\/wp-json\/wp\/v2\/posts"}],"about":[{"href":"https:\/\/avf.asso.fr\/bourges\/wp-json\/wp\/v2\/types\/post"}],"author":[{"embeddable":true,"href":"https:\/\/avf.asso.fr\/bourges\/wp-json\/wp\/v2\/users\/206"}],"replies":[{"embeddable":true,"href":"https:\/\/avf.asso.fr\/bourges\/wp-json\/wp\/v2\/comments?post=2230"}],"version-history":[{"count":0,"href":"https:\/\/avf.asso.fr\/bourges\/wp-json\/wp\/v2\/posts\/2230\/revisions"}],"wp:attachment":[{"href":"https:\/\/avf.asso.fr\/bourges\/wp-json\/wp\/v2\/media?parent=2230"}],"wp:term":[{"taxonomy":"category","embeddable":true,"href":"https:\/\/avf.asso.fr\/bourges\/wp-json\/wp\/v2\/categories?post=2230"},{"taxonomy":"post_tag","embeddable":true,"href":"https:\/\/avf.asso.fr\/bourges\/wp-json\/wp\/v2\/tags?post=2230"}],"curies":[{"name":"wp","href":"https:\/\/api.w.org\/{rel}","templated":true}]}}