{"id":1213,"date":"2021-06-01T12:44:57","date_gmt":"2021-06-01T10:44:57","guid":{"rendered":"https:\/\/avf.asso.fr\/belfort\/actualites\/web-avenir-le-samedi-5-juin-2021\/"},"modified":"2021-06-01T12:44:57","modified_gmt":"2021-06-01T10:44:57","slug":"web-avenir-le-samedi-5-juin-2021","status":"publish","type":"post","link":"https:\/\/avf.asso.fr\/belfort\/actualites\/web-avenir-le-samedi-5-juin-2021\/","title":{"rendered":"Web avenir : le samedi 5 juin 2021"},"content":{"rendered":"<p>Pouvoir se rencontrer est devenu difficile voire impossible depuis de longs mois, alors que le besoin d\u2019\u00e9changer, de partager est de plus en plus pr\u00e9gnant alors que nous \u00e9laborons un projet pour l&rsquo;AVF.<\/p>\n<p>C\u2019est pourquoi l\u2019Union Nationale des Accueils des Villes Fran\u00e7aises invite tous les membres des Bureaux des AVF et leurs Unions r\u00e9gionales \u00e0 se retrouver <strong>le 5 juin prochain pour une conf\u00e9rence virtuelle<\/strong> traitant des grands projets qui vont \u00e9clairer leur avenir.<\/p>\n<p><strong> <\/strong><strong>Mille places les attendent \u2026 <\/strong><\/p>\n<p><strong><span style=\"text-decoration: underline; color: #000080;\">L<a href=\"https:\/\/avf.asso.fr\/bourgogne-franche-comte\/actualites\/un-projet-pour-lavf-newsletters-nationales-hors-serie-dinformation\/\" target=\"_blank\" style=\"color: #000080; text-decoration: underline;\" rel=\"noopener noreferrer\">a Newsletter hors s\u00e9rie de mai 2021<\/a><\/span><\/strong> pr\u00e9sente les sujets qui seront trait\u00e9s lors de ce webinaire (\u00e9mission diffus\u00e9e sur le WEB)<\/p>\n","protected":false},"excerpt":{"rendered":"<p>Pouvoir se rencontrer est devenu difficile voire impossible depuis de longs mois, alors que le besoin d\u2019\u00e9changer, de partager est de plus en plus pr\u00e9gnant alors que nous \u00e9laborons un projet pour l&rsquo;AVF. C\u2019est pourquoi l\u2019Union Nationale des Accueils des Villes Fran\u00e7aises invite tous les membres des Bureaux des AVF et leurs Unions r\u00e9gionales \u00e0 [&hellip;]<\/p>\n","protected":false},"author":32568,"featured_media":0,"comment_status":"open","ping_status":"open","sticky":false,"template":"","format":"standard","meta":[],"categories":[1],"tags":[],"acf":[],"_links":{"self":[{"href":"https:\/\/avf.asso.fr\/belfort\/wp-json\/wp\/v2\/posts\/1213"}],"collection":[{"href":"https:\/\/avf.asso.fr\/belfort\/wp-json\/wp\/v2\/posts"}],"about":[{"href":"https:\/\/avf.asso.fr\/belfort\/wp-json\/wp\/v2\/types\/post"}],"author":[{"embeddable":true,"href":"https:\/\/avf.asso.fr\/belfort\/wp-json\/wp\/v2\/users\/32568"}],"replies":[{"embeddable":true,"href":"https:\/\/avf.asso.fr\/belfort\/wp-json\/wp\/v2\/comments?post=1213"}],"version-history":[{"count":0,"href":"https:\/\/avf.asso.fr\/belfort\/wp-json\/wp\/v2\/posts\/1213\/revisions"}],"wp:attachment":[{"href":"https:\/\/avf.asso.fr\/belfort\/wp-json\/wp\/v2\/media?parent=1213"}],"wp:term":[{"taxonomy":"category","embeddable":true,"href":"https:\/\/avf.asso.fr\/belfort\/wp-json\/wp\/v2\/categories?post=1213"},{"taxonomy":"post_tag","embeddable":true,"href":"https:\/\/avf.asso.fr\/belfort\/wp-json\/wp\/v2\/tags?post=1213"}],"curies":[{"name":"wp","href":"https:\/\/api.w.org\/{rel}","templated":true}]}}