{"id":1203,"date":"2021-03-09T10:56:10","date_gmt":"2021-03-09T09:56:10","guid":{"rendered":"https:\/\/avf.asso.fr\/belfort\/actualites\/un-projet-pour-lavf-newsletters-nationales-hors-serie-dinformation\/"},"modified":"2022-03-07T11:19:13","modified_gmt":"2022-03-07T10:19:13","slug":"un-projet-pour-lavf-newsletters-nationales-hors-serie-dinformation","status":"publish","type":"post","link":"https:\/\/avf.asso.fr\/belfort\/actualites\/un-projet-pour-lavf-newsletters-nationales-hors-serie-dinformation\/","title":{"rendered":"Un projet pour l&rsquo;AVF : Newsletters nationales (Hors s\u00e9rie) d&rsquo;information."},"content":{"rendered":"<h3>Apr\u00e8s une enqu\u00eate nationale aupr\u00e8s des AVF trois groupes de travail se r\u00e9unissent r\u00e9guli\u00e8rement pour r\u00e9diger. Une Newsletter Hors s\u00e9rie sp\u00e9ciale \u00e0 destination de tous les adh\u00e9rents est propos\u00e9e aux AVF r\u00e9gionaux et locaux pour diffusion. Cette page donne acc\u00e8s au dernier num\u00e9ro (PDF aussi <strong><span style=\"text-decoration: underline; color: #000080;\"><a href=\"https:\/\/avf.asso.fr\/belfort\/wp-content\/uploads\/sites\/108\/2021\/03\/2021-03-08_AVF_Newsletter_HS\u00b0_1mar2021.pdf\" style=\"color: #000080; text-decoration: underline;\">t\u00e9l\u00e9chargeable ici<\/a><\/span><\/strong>) :<\/h3>\n<a href=\"https:\/\/avf.asso.fr\/belfort\/wp-content\/uploads\/sites\/108\/2021\/03\/2021-03-08_AVF_Newsletter_HS\u00b0_1mar2021.pdf\" class=\"pdfemb-viewer\" style=\"\" data-width=\"max\" data-height=\"max\"  data-toolbar=\"bottom\" data-toolbar-fixed=\"off\">2021-03-08_AVF_Newsletter_HS\u00b0_1mar2021<br\/><\/a>\n","protected":false},"excerpt":{"rendered":"<p>Apr\u00e8s une enqu\u00eate nationale aupr\u00e8s des AVF trois groupes de travail se r\u00e9unissent r\u00e9guli\u00e8rement pour r\u00e9diger. Une Newsletter Hors s\u00e9rie sp\u00e9ciale \u00e0 destination de tous les adh\u00e9rents est propos\u00e9e aux AVF r\u00e9gionaux et locaux pour diffusion. Cette page donne acc\u00e8s au dernier num\u00e9ro (PDF aussi t\u00e9l\u00e9chargeable ici) :<\/p>\n","protected":false},"author":32568,"featured_media":0,"comment_status":"open","ping_status":"closed","sticky":false,"template":"","format":"standard","meta":[],"categories":[1],"tags":[],"acf":[],"_links":{"self":[{"href":"https:\/\/avf.asso.fr\/belfort\/wp-json\/wp\/v2\/posts\/1203"}],"collection":[{"href":"https:\/\/avf.asso.fr\/belfort\/wp-json\/wp\/v2\/posts"}],"about":[{"href":"https:\/\/avf.asso.fr\/belfort\/wp-json\/wp\/v2\/types\/post"}],"author":[{"embeddable":true,"href":"https:\/\/avf.asso.fr\/belfort\/wp-json\/wp\/v2\/users\/32568"}],"replies":[{"embeddable":true,"href":"https:\/\/avf.asso.fr\/belfort\/wp-json\/wp\/v2\/comments?post=1203"}],"version-history":[{"count":1,"href":"https:\/\/avf.asso.fr\/belfort\/wp-json\/wp\/v2\/posts\/1203\/revisions"}],"predecessor-version":[{"id":1206,"href":"https:\/\/avf.asso.fr\/belfort\/wp-json\/wp\/v2\/posts\/1203\/revisions\/1206"}],"wp:attachment":[{"href":"https:\/\/avf.asso.fr\/belfort\/wp-json\/wp\/v2\/media?parent=1203"}],"wp:term":[{"taxonomy":"category","embeddable":true,"href":"https:\/\/avf.asso.fr\/belfort\/wp-json\/wp\/v2\/categories?post=1203"},{"taxonomy":"post_tag","embeddable":true,"href":"https:\/\/avf.asso.fr\/belfort\/wp-json\/wp\/v2\/tags?post=1203"}],"curies":[{"name":"wp","href":"https:\/\/api.w.org\/{rel}","templated":true}]}}