{"id":1188,"date":"2021-02-17T09:46:14","date_gmt":"2021-02-17T08:46:14","guid":{"rendered":"https:\/\/avf.asso.fr\/belfort\/actualites\/adherents_liens_vers_lunavf\/"},"modified":"2021-02-20T19:10:23","modified_gmt":"2021-02-20T18:10:23","slug":"adherents_liens_vers_lunavf","status":"publish","type":"post","link":"https:\/\/avf.asso.fr\/belfort\/actualites\/adherents_liens_vers_lunavf\/","title":{"rendered":"Adh\u00e9rents"},"content":{"rendered":"<h3>Le site national de l&rsquo;UNAF met \u00e0 disposition des adh\u00e9rents plusieurs liens sur le fonctionnement du r\u00e9seau AVF les voici :<\/h3>\n<p>&nbsp;<\/p>\n<ul>\n<li><span style=\"text-decoration: underline;\"><span style=\"color: #0000ff; text-decoration: underline;\"><a href=\"https:\/\/avf.asso.fr\/philosophie\/\" target=\"_blank\" style=\"color: #0000ff; text-decoration: underline;\" rel=\"noopener noreferrer\">Philosophie de l&rsquo;AVF<\/a><\/span><\/span><\/li>\n<li><\/li>\n<li><span style=\"text-decoration: underline;\"><span style=\"color: #0000ff; text-decoration: underline;\"><a href=\"https:\/\/avf.asso.fr\/histoire\/\" target=\"_blank\" style=\"color: #0000ff; text-decoration: underline;\" rel=\"noopener noreferrer\">Histoire de l&rsquo;AVF<\/a><\/span><\/span><\/li>\n<li><\/li>\n<li><span style=\"text-decoration: underline;\"><span style=\"color: #0000ff; text-decoration: underline;\"><a href=\"https:\/\/avf.asso.fr\/publications\/\" target=\"_blank\" rel=\"noopener noreferrer\" style=\"color: #0000ff; text-decoration: underline;\">Enqu\u00eate sur les nouveaux arrivants<\/a><\/span><\/span><\/li>\n<li><\/li>\n<li><span style=\"text-decoration: underline;\"><span style=\"color: #0000ff; text-decoration: underline;\"><a href=\"https:\/\/avf.asso.fr\/savoir-faire\/\" target=\"_blank\" style=\"color: #0000ff; text-decoration: underline;\" rel=\"noopener noreferrer\">Savoir faire<\/a><\/span><\/span><\/li>\n<li><\/li>\n<li><span style=\"text-decoration: underline;\"><span style=\"color: #0000ff; text-decoration: underline;\"><a href=\"https:\/\/avf.asso.fr\/laccompagnement-avf-2\/\" target=\"_blank\" style=\"color: #0000ff; text-decoration: underline;\" rel=\"noopener noreferrer\">L&rsquo;accompagnement AVF<\/a><\/span><\/span><\/li>\n<li><\/li>\n<li><span style=\"text-decoration: underline;\"><span style=\"color: #0000ff; text-decoration: underline;\"><a href=\"https:\/\/avf.asso.fr\/initiatives-et-evenements\/\" target=\"_blank\" style=\"color: #0000ff; text-decoration: underline;\" rel=\"noopener noreferrer\">initiatives et \u00e9v\u00e8nements<\/a><a href=\"https:\/\/avf.asso.fr\/publications\/\" target=\"_blank\" style=\"color: #0000ff; text-decoration: underline;\" rel=\"noopener noreferrer\"><\/a><\/span><\/span><\/li>\n<li><\/li>\n<li><span style=\"text-decoration: underline;\"><span style=\"color: #0000ff; text-decoration: underline;\"><a href=\"https:\/\/avf.asso.fr\/formation-avf\/\" target=\"_blank\" style=\"color: #0000ff; text-decoration: underline;\" rel=\"noopener noreferrer\">La formation \u00e0 l&rsquo;AVF<\/a><\/span><\/span><\/li>\n<li><\/li>\n<li><span style=\"text-decoration: underline;\"><span style=\"color: #0000ff; text-decoration: underline;\"><a href=\"https:\/\/avf.asso.fr\/les-initiatives-avf-3\/\" target=\"_blank\" style=\"color: #0000ff; text-decoration: underline;\" rel=\"noopener noreferrer\">Les initiatives AVF<\/a><\/span><\/span><\/li>\n<li><\/li>\n<li><a href=\"https:\/\/avf.asso.fr\/bourgogne-franche-comte\/actualites\/la-newsletter-de-lunavf-union-nationale-des-avf\/\" target=\"_blank\" rel=\"noopener noreferrer\"><span style=\"text-decoration: underline;\"><span style=\"color: #0000ff; text-decoration: underline;\">La news-letter<\/span><\/span><\/a><\/li>\n<\/ul>\n<p>&nbsp;<\/p>\n","protected":false},"excerpt":{"rendered":"<p>Le site national de l&rsquo;UNAF met \u00e0 disposition des adh\u00e9rents plusieurs liens sur le fonctionnement du r\u00e9seau AVF les voici : &nbsp; Philosophie de l&rsquo;AVF Histoire de l&rsquo;AVF Enqu\u00eate sur les nouveaux arrivants Savoir faire L&rsquo;accompagnement AVF initiatives et \u00e9v\u00e8nements La formation \u00e0 l&rsquo;AVF Les initiatives AVF La news-letter &nbsp;<\/p>\n","protected":false},"author":32568,"featured_media":1196,"comment_status":"open","ping_status":"closed","sticky":false,"template":"","format":"standard","meta":[],"categories":[1],"tags":[],"acf":[],"_links":{"self":[{"href":"https:\/\/avf.asso.fr\/belfort\/wp-json\/wp\/v2\/posts\/1188"}],"collection":[{"href":"https:\/\/avf.asso.fr\/belfort\/wp-json\/wp\/v2\/posts"}],"about":[{"href":"https:\/\/avf.asso.fr\/belfort\/wp-json\/wp\/v2\/types\/post"}],"author":[{"embeddable":true,"href":"https:\/\/avf.asso.fr\/belfort\/wp-json\/wp\/v2\/users\/32568"}],"replies":[{"embeddable":true,"href":"https:\/\/avf.asso.fr\/belfort\/wp-json\/wp\/v2\/comments?post=1188"}],"version-history":[{"count":3,"href":"https:\/\/avf.asso.fr\/belfort\/wp-json\/wp\/v2\/posts\/1188\/revisions"}],"predecessor-version":[{"id":1202,"href":"https:\/\/avf.asso.fr\/belfort\/wp-json\/wp\/v2\/posts\/1188\/revisions\/1202"}],"wp:featuredmedia":[{"embeddable":true,"href":"https:\/\/avf.asso.fr\/belfort\/wp-json\/wp\/v2\/media\/1196"}],"wp:attachment":[{"href":"https:\/\/avf.asso.fr\/belfort\/wp-json\/wp\/v2\/media?parent=1188"}],"wp:term":[{"taxonomy":"category","embeddable":true,"href":"https:\/\/avf.asso.fr\/belfort\/wp-json\/wp\/v2\/categories?post=1188"},{"taxonomy":"post_tag","embeddable":true,"href":"https:\/\/avf.asso.fr\/belfort\/wp-json\/wp\/v2\/tags?post=1188"}],"curies":[{"name":"wp","href":"https:\/\/api.w.org\/{rel}","templated":true}]}}