{"id":2592,"date":"2023-06-22T23:52:32","date_gmt":"2023-06-22T21:52:32","guid":{"rendered":"https:\/\/avf.asso.fr\/bayeux\/?p=2592"},"modified":"2023-07-10T10:55:54","modified_gmt":"2023-07-10T08:55:54","slug":"preparation-des-fetes-medievales-a-lavf-bayeux","status":"publish","type":"post","link":"https:\/\/avf.asso.fr\/bayeux\/actualites\/preparation-des-fetes-medievales-a-lavf-bayeux\/","title":{"rendered":"Pr\u00e9paration des f\u00eates m\u00e9di\u00e9vales \u00e0 l&rsquo;AVF Bayeux"},"content":{"rendered":"<p>Notre chariot de feu pour les m\u00e9di\u00e9vales et des lanternes ont \u00e9t\u00e9 confectionn\u00e9s ce jeudi 22 juin.<\/p>\n<p><img decoding=\"async\" loading=\"lazy\" src=\"https:\/\/avf.asso.fr\/bayeux\/wp-content\/uploads\/sites\/260\/2023\/06\/lanterne-medievales-2023-135x300.jpg\" alt=\"\" class=\"aligncenter wp-image-2594 size-medium\" width=\"135\" height=\"300\" srcset=\"https:\/\/avf.asso.fr\/bayeux\/wp-content\/uploads\/sites\/260\/2023\/06\/lanterne-medievales-2023-135x300.jpg 135w, https:\/\/avf.asso.fr\/bayeux\/wp-content\/uploads\/sites\/260\/2023\/06\/lanterne-medievales-2023-461x1024.jpg 461w, https:\/\/avf.asso.fr\/bayeux\/wp-content\/uploads\/sites\/260\/2023\/06\/lanterne-medievales-2023-691x1536.jpg 691w, https:\/\/avf.asso.fr\/bayeux\/wp-content\/uploads\/sites\/260\/2023\/06\/lanterne-medievales-2023.jpg 720w\" sizes=\"(max-width: 135px) 100vw, 135px\" \/><\/p>\n<p><strong>BRAVO aux petites mains!<\/strong><\/p>\n<p>Un atelier suppl\u00e9mentaire est pr\u00e9vu lundi 26 juin \u00e0 14h30 au local.<\/p>\n<div dir=\"auto\">Si vous avez un peu de temps, venez fabriquer votre lanterne dans la bonne humeur.<\/div>\n<div dir=\"auto\"><\/div>\n<div dir=\"auto\">Petit go\u00fbter offert&#8230;<\/div>\n","protected":false},"excerpt":{"rendered":"<p>Notre chariot de feu pour les m\u00e9di\u00e9vales et des lanternes ont \u00e9t\u00e9 confectionn\u00e9s ce jeudi 22 juin. BRAVO aux petites mains! Un atelier suppl\u00e9mentaire est pr\u00e9vu lundi 26 juin \u00e0 14h30 au local. Si vous avez un peu de temps, venez fabriquer votre lanterne dans la bonne humeur. Petit go\u00fbter offert&#8230;<\/p>\n","protected":false},"author":53332,"featured_media":2593,"comment_status":"closed","ping_status":"open","sticky":false,"template":"","format":"standard","meta":[],"categories":[115],"tags":[],"acf":[],"_links":{"self":[{"href":"https:\/\/avf.asso.fr\/bayeux\/wp-json\/wp\/v2\/posts\/2592"}],"collection":[{"href":"https:\/\/avf.asso.fr\/bayeux\/wp-json\/wp\/v2\/posts"}],"about":[{"href":"https:\/\/avf.asso.fr\/bayeux\/wp-json\/wp\/v2\/types\/post"}],"author":[{"embeddable":true,"href":"https:\/\/avf.asso.fr\/bayeux\/wp-json\/wp\/v2\/users\/53332"}],"replies":[{"embeddable":true,"href":"https:\/\/avf.asso.fr\/bayeux\/wp-json\/wp\/v2\/comments?post=2592"}],"version-history":[{"count":1,"href":"https:\/\/avf.asso.fr\/bayeux\/wp-json\/wp\/v2\/posts\/2592\/revisions"}],"predecessor-version":[{"id":2595,"href":"https:\/\/avf.asso.fr\/bayeux\/wp-json\/wp\/v2\/posts\/2592\/revisions\/2595"}],"wp:featuredmedia":[{"embeddable":true,"href":"https:\/\/avf.asso.fr\/bayeux\/wp-json\/wp\/v2\/media\/2593"}],"wp:attachment":[{"href":"https:\/\/avf.asso.fr\/bayeux\/wp-json\/wp\/v2\/media?parent=2592"}],"wp:term":[{"taxonomy":"category","embeddable":true,"href":"https:\/\/avf.asso.fr\/bayeux\/wp-json\/wp\/v2\/categories?post=2592"},{"taxonomy":"post_tag","embeddable":true,"href":"https:\/\/avf.asso.fr\/bayeux\/wp-json\/wp\/v2\/tags?post=2592"}],"curies":[{"name":"wp","href":"https:\/\/api.w.org\/{rel}","templated":true}]}}