{"id":2583,"date":"2023-06-17T23:55:24","date_gmt":"2023-06-17T21:55:24","guid":{"rendered":"https:\/\/avf.asso.fr\/bayeux\/?p=2583"},"modified":"2023-07-10T10:56:53","modified_gmt":"2023-07-10T08:56:53","slug":"fetons-larrivee-de-lete-samedi-24-juin-de-14h-a-18h","status":"publish","type":"post","link":"https:\/\/avf.asso.fr\/bayeux\/actualites\/fetons-larrivee-de-lete-samedi-24-juin-de-14h-a-18h\/","title":{"rendered":"F\u00eatons l&rsquo;arriv\u00e9e de l&rsquo;\u00e9t\u00e9 ! Samedi 24 juin de 14h \u00e0 18h"},"content":{"rendered":"<div dir=\"auto\">F\u00eatons l&rsquo;arriv\u00e9e de l&rsquo;\u00e9t\u00e9 ! Samedi 24 juin de 14h \u00e0 18h, jeux gonflables, jeux en bois, maquillage raviront les enfants ainsi que les plus grands.<\/div>\n<div dir=\"auto\">Restauration sur place par le collectif habitants de Saint-Jean.Entr\u00e9e libre et gratuite !<span> <\/span><\/p>\n<\/div>\n<div dir=\"auto\"><img decoding=\"async\" loading=\"lazy\" src=\"https:\/\/avf.asso.fr\/bayeux\/wp-content\/uploads\/sites\/260\/2023\/06\/Argouges.jpg\" alt=\"\" class=\"alignnone size-full wp-image-2584\" width=\"580\" height=\"823\" srcset=\"https:\/\/avf.asso.fr\/bayeux\/wp-content\/uploads\/sites\/260\/2023\/06\/Argouges.jpg 580w, https:\/\/avf.asso.fr\/bayeux\/wp-content\/uploads\/sites\/260\/2023\/06\/Argouges-211x300.jpg 211w\" sizes=\"(max-width: 580px) 100vw, 580px\" \/><\/div>\n","protected":false},"excerpt":{"rendered":"<p>F\u00eatons l&rsquo;arriv\u00e9e de l&rsquo;\u00e9t\u00e9 ! Samedi 24 juin de 14h \u00e0 18h, jeux gonflables, jeux en bois, maquillage raviront les enfants ainsi que les plus grands. Restauration sur place par le collectif habitants de Saint-Jean.Entr\u00e9e libre et gratuite !<\/p>\n","protected":false},"author":53332,"featured_media":2585,"comment_status":"closed","ping_status":"open","sticky":false,"template":"","format":"standard","meta":[],"categories":[115],"tags":[],"acf":[],"_links":{"self":[{"href":"https:\/\/avf.asso.fr\/bayeux\/wp-json\/wp\/v2\/posts\/2583"}],"collection":[{"href":"https:\/\/avf.asso.fr\/bayeux\/wp-json\/wp\/v2\/posts"}],"about":[{"href":"https:\/\/avf.asso.fr\/bayeux\/wp-json\/wp\/v2\/types\/post"}],"author":[{"embeddable":true,"href":"https:\/\/avf.asso.fr\/bayeux\/wp-json\/wp\/v2\/users\/53332"}],"replies":[{"embeddable":true,"href":"https:\/\/avf.asso.fr\/bayeux\/wp-json\/wp\/v2\/comments?post=2583"}],"version-history":[{"count":2,"href":"https:\/\/avf.asso.fr\/bayeux\/wp-json\/wp\/v2\/posts\/2583\/revisions"}],"predecessor-version":[{"id":2601,"href":"https:\/\/avf.asso.fr\/bayeux\/wp-json\/wp\/v2\/posts\/2583\/revisions\/2601"}],"wp:featuredmedia":[{"embeddable":true,"href":"https:\/\/avf.asso.fr\/bayeux\/wp-json\/wp\/v2\/media\/2585"}],"wp:attachment":[{"href":"https:\/\/avf.asso.fr\/bayeux\/wp-json\/wp\/v2\/media?parent=2583"}],"wp:term":[{"taxonomy":"category","embeddable":true,"href":"https:\/\/avf.asso.fr\/bayeux\/wp-json\/wp\/v2\/categories?post=2583"},{"taxonomy":"post_tag","embeddable":true,"href":"https:\/\/avf.asso.fr\/bayeux\/wp-json\/wp\/v2\/tags?post=2583"}],"curies":[{"name":"wp","href":"https:\/\/api.w.org\/{rel}","templated":true}]}}