{"id":2570,"date":"2023-06-12T18:37:31","date_gmt":"2023-06-12T16:37:31","guid":{"rendered":"https:\/\/avf.asso.fr\/bayeux\/?p=2570"},"modified":"2023-07-10T10:58:00","modified_gmt":"2023-07-10T08:58:00","slug":"les-fetes-medievales-de-bayeux-2023","status":"publish","type":"post","link":"https:\/\/avf.asso.fr\/bayeux\/actualites\/les-fetes-medievales-de-bayeux-2023\/","title":{"rendered":"Les f\u00eates m\u00e9di\u00e9vales de Bayeux 2023"},"content":{"rendered":"<div dir=\"ltr\">\n<p><i><span style=\"color: #000099;\">Les M\u00e9di\u00e9vales de Bayeux<\/span><\/i>\u00a02023 sont plac\u00e9es sous<b><span style=\"color: #ff0000;\"> le signe du feu<\/span><\/b>, de quoi garantir une spectaculaire parade nocturne en lancement de ces r\u00e9jouissances de plein air.<\/p>\n<div><\/div>\n<div>Le parcours de la d\u00e9ambulation cheminera de la Place Saint-Patrice jusqu\u2019au parvis de l\u2019H\u00f4tel de ville<\/div>\n<div>D\u00e9part \u00e0 22h30 (pr\u00e9voir un positionnement 1 \/2 heure avant sur la place)<\/div>\n<div>Arriv\u00e9e sur le parvis de l\u2019H\u00f4tel de ville<\/div>\n<div><\/div>\n<p>En cas de pluie, la parade sera report\u00e9e au Dimanche 02 juillet avec un d\u00e9part \u00e0 11h de la Place Saint-Patrice.<\/p>\n<div><\/div>\n<div><span style=\"text-decoration: underline;\"><strong>Ouverture exceptionnelle du local AVF<\/strong><\/span> pour venir choisir et essayer votre tenue pour cette belle soir\u00e9e en perspective les<b> 13 et 20 juin <\/b><strong>2023 de 14h \u00e0 17h<\/strong><\/div>\n<div><\/div>\n<div>Venez nombreux sous l&rsquo;\u00e9tendard de l&rsquo;AVF Bayeux<\/div>\n<div><\/div>\n<div><span class=\"il\">Nathalie<\/span> JOUBAUD<\/div>\n<\/div>\n","protected":false},"excerpt":{"rendered":"<p>Les M\u00e9di\u00e9vales de Bayeux\u00a02023 sont plac\u00e9es sous le signe du feu, de quoi garantir une spectaculaire parade nocturne en lancement de ces r\u00e9jouissances de plein air. Le parcours de la d\u00e9ambulation cheminera de la Place Saint-Patrice jusqu\u2019au parvis de l\u2019H\u00f4tel de ville D\u00e9part \u00e0 22h30 (pr\u00e9voir un positionnement 1 \/2 heure avant sur la place) [&hellip;]<\/p>\n","protected":false},"author":53332,"featured_media":2571,"comment_status":"closed","ping_status":"open","sticky":false,"template":"","format":"standard","meta":[],"categories":[115],"tags":[],"acf":[],"_links":{"self":[{"href":"https:\/\/avf.asso.fr\/bayeux\/wp-json\/wp\/v2\/posts\/2570"}],"collection":[{"href":"https:\/\/avf.asso.fr\/bayeux\/wp-json\/wp\/v2\/posts"}],"about":[{"href":"https:\/\/avf.asso.fr\/bayeux\/wp-json\/wp\/v2\/types\/post"}],"author":[{"embeddable":true,"href":"https:\/\/avf.asso.fr\/bayeux\/wp-json\/wp\/v2\/users\/53332"}],"replies":[{"embeddable":true,"href":"https:\/\/avf.asso.fr\/bayeux\/wp-json\/wp\/v2\/comments?post=2570"}],"version-history":[{"count":2,"href":"https:\/\/avf.asso.fr\/bayeux\/wp-json\/wp\/v2\/posts\/2570\/revisions"}],"predecessor-version":[{"id":2602,"href":"https:\/\/avf.asso.fr\/bayeux\/wp-json\/wp\/v2\/posts\/2570\/revisions\/2602"}],"wp:featuredmedia":[{"embeddable":true,"href":"https:\/\/avf.asso.fr\/bayeux\/wp-json\/wp\/v2\/media\/2571"}],"wp:attachment":[{"href":"https:\/\/avf.asso.fr\/bayeux\/wp-json\/wp\/v2\/media?parent=2570"}],"wp:term":[{"taxonomy":"category","embeddable":true,"href":"https:\/\/avf.asso.fr\/bayeux\/wp-json\/wp\/v2\/categories?post=2570"},{"taxonomy":"post_tag","embeddable":true,"href":"https:\/\/avf.asso.fr\/bayeux\/wp-json\/wp\/v2\/tags?post=2570"}],"curies":[{"name":"wp","href":"https:\/\/api.w.org\/{rel}","templated":true}]}}