{"id":2481,"date":"2023-06-12T19:00:04","date_gmt":"2023-06-12T17:00:04","guid":{"rendered":"https:\/\/avf.asso.fr\/bayeux\/?p=2481"},"modified":"2023-07-25T18:09:09","modified_gmt":"2023-07-25T16:09:09","slug":"exposition-aquarelle-pastel-encadrement-2023","status":"publish","type":"post","link":"https:\/\/avf.asso.fr\/bayeux\/actualites\/exposition-aquarelle-pastel-encadrement-2023\/","title":{"rendered":"Exposition Aquarelle &#8211; Pastel et Encadrement des 9 et 10 juin 2023"},"content":{"rendered":"<p>Bon moment pass\u00e9 en compagnie de Monsieur Patrick GOMONT, maire de Bayeux et de Monsieur LEMARESQUIER d\u00e9l\u00e9gu\u00e9 \u00e0 la vie associative de Bayeux.<\/p>\n<p>&nbsp;<\/p>\n<p><img decoding=\"async\" loading=\"lazy\" src=\"https:\/\/avf.asso.fr\/bayeux\/wp-content\/uploads\/sites\/260\/2023\/05\/bx0-1024x768.jpg\" alt=\"\" class=\"wp-image-2573 size-large aligncenter\" width=\"1024\" height=\"768\" srcset=\"https:\/\/avf.asso.fr\/bayeux\/wp-content\/uploads\/sites\/260\/2023\/05\/bx0-1024x768.jpg 1024w, https:\/\/avf.asso.fr\/bayeux\/wp-content\/uploads\/sites\/260\/2023\/05\/bx0-300x225.jpg 300w, https:\/\/avf.asso.fr\/bayeux\/wp-content\/uploads\/sites\/260\/2023\/05\/bx0-768x576.jpg 768w, https:\/\/avf.asso.fr\/bayeux\/wp-content\/uploads\/sites\/260\/2023\/05\/bx0-1536x1152.jpg 1536w, https:\/\/avf.asso.fr\/bayeux\/wp-content\/uploads\/sites\/260\/2023\/05\/bx0-2048x1536.jpg 2048w\" sizes=\"(max-width: 1024px) 100vw, 1024px\" \/><\/p>\n<p><img decoding=\"async\" loading=\"lazy\" src=\"https:\/\/avf.asso.fr\/bayeux\/wp-content\/uploads\/sites\/260\/2023\/05\/bx4-1024x768.jpg\" alt=\"\" class=\"aligncenter wp-image-2574 size-large\" width=\"1024\" height=\"768\" srcset=\"https:\/\/avf.asso.fr\/bayeux\/wp-content\/uploads\/sites\/260\/2023\/05\/bx4-1024x768.jpg 1024w, https:\/\/avf.asso.fr\/bayeux\/wp-content\/uploads\/sites\/260\/2023\/05\/bx4-300x225.jpg 300w, https:\/\/avf.asso.fr\/bayeux\/wp-content\/uploads\/sites\/260\/2023\/05\/bx4-768x576.jpg 768w, https:\/\/avf.asso.fr\/bayeux\/wp-content\/uploads\/sites\/260\/2023\/05\/bx4-1536x1152.jpg 1536w, https:\/\/avf.asso.fr\/bayeux\/wp-content\/uploads\/sites\/260\/2023\/05\/bx4-2048x1536.jpg 2048w\" sizes=\"(max-width: 1024px) 100vw, 1024px\" \/><\/p>\n<p><img decoding=\"async\" loading=\"lazy\" src=\"https:\/\/avf.asso.fr\/bayeux\/wp-content\/uploads\/sites\/260\/2023\/05\/bx1-1024x768.jpg\" alt=\"\" class=\"aligncenter wp-image-2575 size-large\" width=\"1024\" height=\"768\" srcset=\"https:\/\/avf.asso.fr\/bayeux\/wp-content\/uploads\/sites\/260\/2023\/05\/bx1-1024x768.jpg 1024w, https:\/\/avf.asso.fr\/bayeux\/wp-content\/uploads\/sites\/260\/2023\/05\/bx1-300x225.jpg 300w, https:\/\/avf.asso.fr\/bayeux\/wp-content\/uploads\/sites\/260\/2023\/05\/bx1-768x576.jpg 768w, https:\/\/avf.asso.fr\/bayeux\/wp-content\/uploads\/sites\/260\/2023\/05\/bx1-1536x1152.jpg 1536w, https:\/\/avf.asso.fr\/bayeux\/wp-content\/uploads\/sites\/260\/2023\/05\/bx1-2048x1536.jpg 2048w\" sizes=\"(max-width: 1024px) 100vw, 1024px\" \/><\/p>\n<p><img decoding=\"async\" loading=\"lazy\" src=\"https:\/\/avf.asso.fr\/bayeux\/wp-content\/uploads\/sites\/260\/2023\/05\/bx5-1024x768.jpg\" alt=\"\" class=\"aligncenter wp-image-2577 size-large\" width=\"1024\" height=\"768\" srcset=\"https:\/\/avf.asso.fr\/bayeux\/wp-content\/uploads\/sites\/260\/2023\/05\/bx5-1024x768.jpg 1024w, https:\/\/avf.asso.fr\/bayeux\/wp-content\/uploads\/sites\/260\/2023\/05\/bx5-300x225.jpg 300w, https:\/\/avf.asso.fr\/bayeux\/wp-content\/uploads\/sites\/260\/2023\/05\/bx5-768x576.jpg 768w, https:\/\/avf.asso.fr\/bayeux\/wp-content\/uploads\/sites\/260\/2023\/05\/bx5-1536x1152.jpg 1536w, https:\/\/avf.asso.fr\/bayeux\/wp-content\/uploads\/sites\/260\/2023\/05\/bx5-2048x1536.jpg 2048w\" sizes=\"(max-width: 1024px) 100vw, 1024px\" \/><\/p>\n<p>&nbsp;<\/p>\n","protected":false},"excerpt":{"rendered":"<p>Bon moment pass\u00e9 en compagnie de Monsieur Patrick GOMONT, maire de Bayeux et de Monsieur LEMARESQUIER d\u00e9l\u00e9gu\u00e9 \u00e0 la vie associative de Bayeux. &nbsp; &nbsp;<\/p>\n","protected":false},"author":53332,"featured_media":2482,"comment_status":"closed","ping_status":"open","sticky":false,"template":"","format":"standard","meta":[],"categories":[115],"tags":[],"acf":[],"_links":{"self":[{"href":"https:\/\/avf.asso.fr\/bayeux\/wp-json\/wp\/v2\/posts\/2481"}],"collection":[{"href":"https:\/\/avf.asso.fr\/bayeux\/wp-json\/wp\/v2\/posts"}],"about":[{"href":"https:\/\/avf.asso.fr\/bayeux\/wp-json\/wp\/v2\/types\/post"}],"author":[{"embeddable":true,"href":"https:\/\/avf.asso.fr\/bayeux\/wp-json\/wp\/v2\/users\/53332"}],"replies":[{"embeddable":true,"href":"https:\/\/avf.asso.fr\/bayeux\/wp-json\/wp\/v2\/comments?post=2481"}],"version-history":[{"count":6,"href":"https:\/\/avf.asso.fr\/bayeux\/wp-json\/wp\/v2\/posts\/2481\/revisions"}],"predecessor-version":[{"id":2578,"href":"https:\/\/avf.asso.fr\/bayeux\/wp-json\/wp\/v2\/posts\/2481\/revisions\/2578"}],"wp:featuredmedia":[{"embeddable":true,"href":"https:\/\/avf.asso.fr\/bayeux\/wp-json\/wp\/v2\/media\/2482"}],"wp:attachment":[{"href":"https:\/\/avf.asso.fr\/bayeux\/wp-json\/wp\/v2\/media?parent=2481"}],"wp:term":[{"taxonomy":"category","embeddable":true,"href":"https:\/\/avf.asso.fr\/bayeux\/wp-json\/wp\/v2\/categories?post=2481"},{"taxonomy":"post_tag","embeddable":true,"href":"https:\/\/avf.asso.fr\/bayeux\/wp-json\/wp\/v2\/tags?post=2481"}],"curies":[{"name":"wp","href":"https:\/\/api.w.org\/{rel}","templated":true}]}}