{"id":2443,"date":"2023-05-09T12:53:54","date_gmt":"2023-05-09T10:53:54","guid":{"rendered":"https:\/\/avf.asso.fr\/bayeux\/?p=2443"},"modified":"2023-05-09T12:53:54","modified_gmt":"2023-05-09T10:53:54","slug":"exposition-et-vente-de-tres-nombreuses-varietes-de-pommes-dimanche-1er-octobre-2023","status":"publish","type":"post","link":"https:\/\/avf.asso.fr\/bayeux\/actualites\/exposition-et-vente-de-tres-nombreuses-varietes-de-pommes-dimanche-1er-octobre-2023\/","title":{"rendered":"Exposition et vente de tr\u00e8s nombreuses vari\u00e9t\u00e9s de pommes dimanche 1er octobre 2023"},"content":{"rendered":"<p>Exposition et vente de tr\u00e8s nombreuses vari\u00e9t\u00e9s de pommes par les jardiniers Saint-Fiacre du Bessin<\/p>\n<p>&nbsp;<\/p>\n<p>Faisons notre r\u00e9serve de ce d\u00e9licieux fruit !!<\/p>\n","protected":false},"excerpt":{"rendered":"<p>Exposition et vente de tr\u00e8s nombreuses vari\u00e9t\u00e9s de pommes par les jardiniers Saint-Fiacre du Bessin &nbsp; Faisons notre r\u00e9serve de ce d\u00e9licieux fruit !!<\/p>\n","protected":false},"author":53332,"featured_media":2444,"comment_status":"closed","ping_status":"open","sticky":false,"template":"","format":"standard","meta":[],"categories":[1],"tags":[],"acf":[],"_links":{"self":[{"href":"https:\/\/avf.asso.fr\/bayeux\/wp-json\/wp\/v2\/posts\/2443"}],"collection":[{"href":"https:\/\/avf.asso.fr\/bayeux\/wp-json\/wp\/v2\/posts"}],"about":[{"href":"https:\/\/avf.asso.fr\/bayeux\/wp-json\/wp\/v2\/types\/post"}],"author":[{"embeddable":true,"href":"https:\/\/avf.asso.fr\/bayeux\/wp-json\/wp\/v2\/users\/53332"}],"replies":[{"embeddable":true,"href":"https:\/\/avf.asso.fr\/bayeux\/wp-json\/wp\/v2\/comments?post=2443"}],"version-history":[{"count":1,"href":"https:\/\/avf.asso.fr\/bayeux\/wp-json\/wp\/v2\/posts\/2443\/revisions"}],"predecessor-version":[{"id":2445,"href":"https:\/\/avf.asso.fr\/bayeux\/wp-json\/wp\/v2\/posts\/2443\/revisions\/2445"}],"wp:featuredmedia":[{"embeddable":true,"href":"https:\/\/avf.asso.fr\/bayeux\/wp-json\/wp\/v2\/media\/2444"}],"wp:attachment":[{"href":"https:\/\/avf.asso.fr\/bayeux\/wp-json\/wp\/v2\/media?parent=2443"}],"wp:term":[{"taxonomy":"category","embeddable":true,"href":"https:\/\/avf.asso.fr\/bayeux\/wp-json\/wp\/v2\/categories?post=2443"},{"taxonomy":"post_tag","embeddable":true,"href":"https:\/\/avf.asso.fr\/bayeux\/wp-json\/wp\/v2\/tags?post=2443"}],"curies":[{"name":"wp","href":"https:\/\/api.w.org\/{rel}","templated":true}]}}